{"id":229151,"date":"2022-01-01T17:26:49","date_gmt":"2022-01-01T17:26:49","guid":{"rendered":"https:\/\/www.asbeiras.pt\/?p=229151"},"modified":"2022-01-01T17:26:49","modified_gmt":"2022-01-01T17:26:49","slug":"isis-e-a-primeira-bebe-do-ano-em-coimbra-bernardo-veio-de-seguida","status":"publish","type":"post","link":"https:\/\/critecnow.com\/diariobeiras\/isis-e-a-primeira-bebe-do-ano-em-coimbra-bernardo-veio-de-seguida\/","title":{"rendered":"Isis \u00e9 a primeira beb\u00e9 do ano em Coimbra, Bernardo veio de seguida"},"content":{"rendered":"<div id=\"attachment_229152\" style=\"width: 806px\" class=\"wp-caption alignnone\"><a href=\"https:\/\/www.asbeiras.pt\/wp-content\/uploads\/2022\/01\/bebe-do-ano.jpg\"><img loading=\"lazy\" decoding=\"async\" aria-describedby=\"caption-attachment-229152\" class=\"wp-image-229152 \" src=\"https:\/\/www.asbeiras.pt\/wp-content\/uploads\/2022\/01\/bebe-do-ano.jpg\" alt=\"\" width=\"796\" height=\"1062\" \/><\/a><p id=\"caption-attachment-229152\" class=\"wp-caption-text\">Isis \u00e9 a primeira beb\u00e9 de 2022 em Coimbra<\/p><\/div>\n<p>Uma menina e um menino foram os primeiros beb\u00e9s do ano a nascer em 2022.<\/p>\n<p>Isis foi a primeira beb\u00e9 a nascer nas duas maternidades de Coimbra, em 2022. A quinta filha de Ana Isabel nasceu, de cesariana, na Maternidade Daniel de Matos, \u00e0s 00H51, do dia de hoje. A menina nasceu com 2,227kg e est\u00e1 neste momento internada na Unidade de Cuidados Intensivos Neonatais. Segundo as informa\u00e7\u00f5es prestadas pela Maternidade Daniel de Matos, a beb\u00e9, que nasceu com 35 semanas e tr\u00eas dias, est\u00e1 a evoluir &#8220;muito favoravelmente&#8221;.<\/p>\n<p>Durante a hora de almo\u00e7o, nasceu o segundo beb\u00e9 em Coimbra. \u00c0s 13H16, Bernardo nasceu, atrav\u00e9s de parto normal, na Maternidade Bissaya Barreto. O filho de Sara nasceu com 3.940kg, n\u00e3o tendo o parto tido qualquer complica\u00e7\u00e3o.<\/p>\n","protected":false},"excerpt":{"rendered":"<p>Uma menina e um menino foram os primeiros beb\u00e9s do ano a nascer em 2022. Isis foi a primeira beb\u00e9 a nascer nas duas maternidades de Coimbra, em 2022. A quinta filha de Ana Isabel nasceu, de cesariana, na Maternidade Daniel de Matos, \u00e0s 00H51, do dia de hoje. A menina nasceu com 2,227kg e [&hellip;]<\/p>\n","protected":false},"author":1,"featured_media":229152,"comment_status":"open","ping_status":"open","sticky":false,"template":"","format":"standard","meta":{"_acf_changed":false,"footnotes":""},"categories":[39,31],"tags":[66,67,6587,6588],"class_list":["post-229151","post","type-post","status-publish","format-standard","has-post-thumbnail","hentry","category-coimbra-2","category-geral","tag-bebe-do-ano","tag-maternidade-bissaya-barreto","tag-maternidade-daniel-matos","tag-parto"],"acf":[],"_links":{"self":[{"href":"https:\/\/critecnow.com\/diariobeiras\/wp-json\/wp\/v2\/posts\/229151","targetHints":{"allow":["GET"]}}],"collection":[{"href":"https:\/\/critecnow.com\/diariobeiras\/wp-json\/wp\/v2\/posts"}],"about":[{"href":"https:\/\/critecnow.com\/diariobeiras\/wp-json\/wp\/v2\/types\/post"}],"author":[{"embeddable":true,"href":"https:\/\/critecnow.com\/diariobeiras\/wp-json\/wp\/v2\/users\/1"}],"replies":[{"embeddable":true,"href":"https:\/\/critecnow.com\/diariobeiras\/wp-json\/wp\/v2\/comments?post=229151"}],"version-history":[{"count":0,"href":"https:\/\/critecnow.com\/diariobeiras\/wp-json\/wp\/v2\/posts\/229151\/revisions"}],"wp:attachment":[{"href":"https:\/\/critecnow.com\/diariobeiras\/wp-json\/wp\/v2\/media?parent=229151"}],"wp:term":[{"taxonomy":"category","embeddable":true,"href":"https:\/\/critecnow.com\/diariobeiras\/wp-json\/wp\/v2\/categories?post=229151"},{"taxonomy":"post_tag","embeddable":true,"href":"https:\/\/critecnow.com\/diariobeiras\/wp-json\/wp\/v2\/tags?post=229151"}],"curies":[{"name":"wp","href":"https:\/\/api.w.org\/{rel}","templated":true}]}}