{"id":229531,"date":"2022-01-10T11:59:00","date_gmt":"2022-01-10T11:59:00","guid":{"rendered":"https:\/\/www.asbeiras.pt\/?p=229531"},"modified":"2022-01-10T11:59:00","modified_gmt":"2022-01-10T11:59:00","slug":"armadores-ja-operam-noutros-portos-da-regiao-centro","status":"publish","type":"post","link":"https:\/\/critecnow.com\/diariobeiras\/armadores-ja-operam-noutros-portos-da-regiao-centro\/","title":{"rendered":"Armadores j\u00e1 operam noutros portos da Regi\u00e3o Centro"},"content":{"rendered":"<div id=\"attachment_229532\" style=\"width: 955px\" class=\"wp-caption alignnone\"><a href=\"https:\/\/www.asbeiras.pt\/wp-content\/uploads\/2022\/01\/PESCA-SARDINHA-PEDRO-AGOSTINHO-CRUZ-JUN-20-PAC-3.jpg\"><img loading=\"lazy\" decoding=\"async\" aria-describedby=\"caption-attachment-229532\" class=\"size-full wp-image-229532\" src=\"https:\/\/www.asbeiras.pt\/wp-content\/uploads\/2022\/01\/PESCA-SARDINHA-PEDRO-AGOSTINHO-CRUZ-JUN-20-PAC-3.jpg\" alt=\"\" width=\"945\" height=\"630\" \/><\/a><p id=\"caption-attachment-229532\" class=\"wp-caption-text\">Foto- Pedro Agostinho Cruz<\/p><\/div>\n<p>V\u00e1rios armadores figueirenses e de outras regi\u00f5es do pa\u00eds que operam no Porto de Pesca da Figueira da Foz est\u00e3o a operar noutros portos, afirmou o presidente da associa\u00e7\u00e3o de armadores Figpesca, Igor Branco, ao DI\u00c1RIO AS BEIRAS.<\/p>\n<p>\u201cOntem [s\u00e1bado] avariaram embarca\u00e7\u00f5es e tiveram de ser rebocadas para outros portos. A pesca do cerco arranca no dia 10 [hoje] e h\u00e1 embarca\u00e7\u00f5es, algumas locais e outras do norte que s\u00e3o c\u00e1 residentes, que operam no Porto da Figueira da Foz e j\u00e1 se encontram nos portos de Aveiro e da Nazar\u00e9\u201d, afian\u00e7ou o dirigente.<\/p>\n<p>Igor Branco afirmou que os motivos da mudan\u00e7a de porto prendem-se com quest\u00f5es de seguran\u00e7a mar\u00edtima. \u201cA barra est\u00e1 a ficar seca [assoreada], j\u00e1 temos um cabe\u00e7o de areia, est\u00e1 a ficar mais perigosa. As condi\u00e7\u00f5es do tempo tamb\u00e9m n\u00e3o ajudam, mas a barra est\u00e1 a ficar fraca: se n\u00e3o dragarem isto, teremos, outra vez [problemas]\u201d, rematou o presidente da dire\u00e7\u00e3o da Figpesca.<\/p>\n<p>Por sua vez, Ant\u00f3nio Miguel L\u00e9, o principal armador figueirense e fundador da Cooperativa de Produtores de Peixe Centro Litoral, a que presidiu durante v\u00e1rios mandatos, na semana passada, adiantava ao DI\u00c1RIO AS BEIRAS que os armadores que operam no Porto de Pesca da Figueira da Foz esperariam at\u00e9 ontem para decidirem se passariam a operar noutros portos da Regi\u00e3o Centro.<\/p>\n<p>Leia a not\u00edcia completa na edi\u00e7\u00e3o de hoje do DI\u00c1RIO AS BEIRAS<\/p>\n","protected":false},"excerpt":{"rendered":"<p>\u201cOntem [s\u00e1bado] avariaram embarca\u00e7\u00f5es e tiveram de ser rebocadas para outros portos. A pesca do cerco arranca no dia 10 [hoje] e h\u00e1 embarca\u00e7\u00f5es, algumas locais e outras do norte que s\u00e3o c\u00e1 residentes, que operam no Porto da Figueira da Foz e j\u00e1 se encontram nos portos de Aveiro e da Nazar\u00e9\u201d, afian\u00e7ou o dirigente<\/p>\n","protected":false},"author":1,"featured_media":229532,"comment_status":"open","ping_status":"open","sticky":false,"template":"","format":"standard","meta":{"_acf_changed":false,"footnotes":""},"categories":[62,31],"tags":[1679,63,652,6716],"class_list":["post-229531","post","type-post","status-publish","format-standard","has-post-thumbnail","hentry","category-figueira-da-foz","category-geral","tag-embarcacoes","tag-figueira-da-foz","tag-mudanca","tag-porto-de-pesca"],"acf":[],"_links":{"self":[{"href":"https:\/\/critecnow.com\/diariobeiras\/wp-json\/wp\/v2\/posts\/229531","targetHints":{"allow":["GET"]}}],"collection":[{"href":"https:\/\/critecnow.com\/diariobeiras\/wp-json\/wp\/v2\/posts"}],"about":[{"href":"https:\/\/critecnow.com\/diariobeiras\/wp-json\/wp\/v2\/types\/post"}],"author":[{"embeddable":true,"href":"https:\/\/critecnow.com\/diariobeiras\/wp-json\/wp\/v2\/users\/1"}],"replies":[{"embeddable":true,"href":"https:\/\/critecnow.com\/diariobeiras\/wp-json\/wp\/v2\/comments?post=229531"}],"version-history":[{"count":0,"href":"https:\/\/critecnow.com\/diariobeiras\/wp-json\/wp\/v2\/posts\/229531\/revisions"}],"wp:attachment":[{"href":"https:\/\/critecnow.com\/diariobeiras\/wp-json\/wp\/v2\/media?parent=229531"}],"wp:term":[{"taxonomy":"category","embeddable":true,"href":"https:\/\/critecnow.com\/diariobeiras\/wp-json\/wp\/v2\/categories?post=229531"},{"taxonomy":"post_tag","embeddable":true,"href":"https:\/\/critecnow.com\/diariobeiras\/wp-json\/wp\/v2\/tags?post=229531"}],"curies":[{"name":"wp","href":"https:\/\/api.w.org\/{rel}","templated":true}]}}