{"id":230605,"date":"2022-01-28T12:11:25","date_gmt":"2022-01-28T12:11:25","guid":{"rendered":"https:\/\/www.asbeiras.pt\/?p=230605"},"modified":"2022-01-28T12:11:25","modified_gmt":"2022-01-28T12:11:25","slug":"prabitar-celebra-40-anos-de-excelencia","status":"publish","type":"post","link":"https:\/\/critecnow.com\/diariobeiras\/prabitar-celebra-40-anos-de-excelencia\/","title":{"rendered":"Prabitar celebra 40 anos de excel\u00eancia"},"content":{"rendered":"<div id=\"attachment_230615\" style=\"width: 1210px\" class=\"wp-caption aligncenter\"><img loading=\"lazy\" decoding=\"async\" aria-describedby=\"caption-attachment-230615\" class=\"size-full wp-image-230615\" src=\"https:\/\/www.asbeiras.pt\/wp-content\/uploads\/2022\/01\/18-Prabitar-DF-4.jpg\" alt=\"\" width=\"1200\" height=\"628\" \/><p id=\"caption-attachment-230615\" class=\"wp-caption-text\">FOTO DB\/DAVID FERREIRA<\/p><\/div>\n<p>A empresa de media\u00e7\u00e3o imobili\u00e1ria Prabitar celebrou, no passado dia 21 de janeiro, 40 anos de exist\u00eancia. Em entrevista ao DI\u00c1RIO AS BEIRAS, os respons\u00e1veis sublinham que \u00e9 uma idade not\u00e1vel, porque \u201cneste setor, a vida das empresas \u00e9 relativamente curta\u201d.<\/p>\n<p>\u201cA confian\u00e7a e a seriedade profissional s\u00e3o importantes para o sucesso, ainda para mais nesta \u00e1rea, e chegar a este anivers\u00e1rio \u00e9 algo que nos diz que estamos a fazer um percurso positivo\u201d, come\u00e7ou por dizer Jos\u00e9 Carlos Martins, um dos gerentes da empresa.<\/p>\n<p>A Prabitar, ao longo da sua vida empresarial, testemunhou entradas e sa\u00eddas de recursos humanos. A equipa da empresa refere que \u201ca forma\u00e7\u00e3o, o rejuvenescimento e a necessidade de acompanhar a evolu\u00e7\u00e3o tecnol\u00f3gica fazem parte da identidade da marca\u201d.<\/p>\n<p>\u201cEstamos rejuvenescidos e a adotar as melhores pr\u00e1ticas dentro daquilo que as novas tecnologias trazem para o setor. Isso nota-se porque atra\u00edmos para o nosso meio gente nova. Renovar o quadro de colaboradores mostra uma imagem de que existe futuro\u201d, explicou Ant\u00f3nio Leit\u00e3o.<\/p>\n<p>Jorge Marques, o mais antigo na empresa, acrescenta que a \u201cPrabitar \u00e9 uma escola que formou e que forma v\u00e1rios profissionais\u201d, e cr\u00ea que essas pessoas estejam hoje em dia agradecidas.<\/p>\n<p>Para al\u00e9m dos ideais que representam o universo interno da empresa, o conjunto de servi\u00e7os disponibilizados para o exterior e para a satisfa\u00e7\u00e3o do cliente, merece nota de destaque para Marta Rio-Torto, diretora-geral da Prabitar.<\/p>\n<p>\u201cTemos uma gest\u00e3o documental muito rigorosa, de modo a que as pessoas encontrem uma rede de seguran\u00e7a; damos apoio na gest\u00e3o de im\u00f3veis, ao fazermos um acompanhamento profissional de um im\u00f3vel que um cliente adquiriu e posteriormente quer colocar a arrendar\u201d, disse.<\/p>\n<p>A diretora-geral completou, dizendo que a empresa \u00e9 intermedi\u00e1ria de cr\u00e9dito. \u201cSignifica que qualquer fam\u00edlia que fa\u00e7a um investimento tem acesso a esse servi\u00e7o sem qualquer custo. Nem toda a gente est\u00e1 familiarizada com os cr\u00e9ditos banc\u00e1rios e n\u00f3s temos gente com forma\u00e7\u00e3o pr\u00f3pria, totalmente dedicada a essa \u00e1rea e que se encarrega de encontrar a proposta mais vantajosa\u201d, explicou.<\/p>\n<p>J\u00e1 com olho para o futuro, a equipa Prabitar mant\u00e9m \u201co gosto, a vontade e a ambi\u00e7\u00e3o\u201d de modo a conseguir atingir os v\u00e1rios objetivos que v\u00e3o surgindo.<br \/>\nA<\/p>\n<p>Prabitar conta com lojas em Coimbra (Quinta da Portela, Baixa, Quinta da V\u00e1rzea e Solum), Figueira da Foz, Lous\u00e3 e Aveiro.<\/p>\n","protected":false},"excerpt":{"rendered":"<p>Juventude, capacidade em dar forma\u00e7\u00e3o aos profissionais, conjunto de servi\u00e7os e a notoriedade na regi\u00e3o s\u00e3o pontos que marcam hoje em dia a empresa<\/p>\n","protected":false},"author":1,"featured_media":230615,"comment_status":"open","ping_status":"open","sticky":false,"template":"","format":"standard","meta":{"_acf_changed":false,"footnotes":""},"categories":[82,31],"tags":[1301,40,30,817,1303],"class_list":["post-230605","post","type-post","status-publish","format-standard","has-post-thumbnail","hentry","category-economia","category-geral","tag-aniversario","tag-coimbra","tag-economia","tag-imobiliaria","tag-prabitar"],"acf":[],"_links":{"self":[{"href":"https:\/\/critecnow.com\/diariobeiras\/wp-json\/wp\/v2\/posts\/230605","targetHints":{"allow":["GET"]}}],"collection":[{"href":"https:\/\/critecnow.com\/diariobeiras\/wp-json\/wp\/v2\/posts"}],"about":[{"href":"https:\/\/critecnow.com\/diariobeiras\/wp-json\/wp\/v2\/types\/post"}],"author":[{"embeddable":true,"href":"https:\/\/critecnow.com\/diariobeiras\/wp-json\/wp\/v2\/users\/1"}],"replies":[{"embeddable":true,"href":"https:\/\/critecnow.com\/diariobeiras\/wp-json\/wp\/v2\/comments?post=230605"}],"version-history":[{"count":0,"href":"https:\/\/critecnow.com\/diariobeiras\/wp-json\/wp\/v2\/posts\/230605\/revisions"}],"wp:attachment":[{"href":"https:\/\/critecnow.com\/diariobeiras\/wp-json\/wp\/v2\/media?parent=230605"}],"wp:term":[{"taxonomy":"category","embeddable":true,"href":"https:\/\/critecnow.com\/diariobeiras\/wp-json\/wp\/v2\/categories?post=230605"},{"taxonomy":"post_tag","embeddable":true,"href":"https:\/\/critecnow.com\/diariobeiras\/wp-json\/wp\/v2\/tags?post=230605"}],"curies":[{"name":"wp","href":"https:\/\/api.w.org\/{rel}","templated":true}]}}