{"id":230627,"date":"2022-01-28T12:32:04","date_gmt":"2022-01-28T12:32:04","guid":{"rendered":"https:\/\/www.asbeiras.pt\/?p=230627"},"modified":"2022-01-28T12:32:04","modified_gmt":"2022-01-28T12:32:04","slug":"camara-de-tabua-cria-provedor-de-juventude","status":"publish","type":"post","link":"https:\/\/critecnow.com\/diariobeiras\/camara-de-tabua-cria-provedor-de-juventude\/","title":{"rendered":"C\u00e2mara de T\u00e1bua cria Provedor de Juventude"},"content":{"rendered":"<div id=\"attachment_230628\" style=\"width: 1210px\" class=\"wp-caption alignnone\"><a href=\"https:\/\/www.asbeiras.pt\/wp-content\/uploads\/2022\/01\/ultima-tabua.jpg\"><img loading=\"lazy\" decoding=\"async\" aria-describedby=\"caption-attachment-230628\" class=\"wp-image-230628\" src=\"https:\/\/www.asbeiras.pt\/wp-content\/uploads\/2022\/01\/ultima-tabua.jpg\" alt=\"\" width=\"1200\" height=\"900\" \/><\/a><p id=\"caption-attachment-230628\" class=\"wp-caption-text\">DR<\/p><\/div>\n<p>A C\u00e2mara Municipal de T\u00e1bua de aprovou, ontem, por unanimidade, o projeto de regulamento do Provedor de Juventude do concelho, que dever\u00e1 entrar em funcionamento em abril, estimou ontem o vereador da Juventude, David Pinto.<\/p>\n<p>\u201cA ideia \u00e9 dar voz, \u00e9 dar, enfim, um espa\u00e7o aos jovens do nosso concelho, para poder haver uma comunica\u00e7\u00e3o mais direta com o munic\u00edpio, no sentido de ter um interlocutor para exporem os seus problemas\u201d, disse o vereador da Juventude, David Pinto.<\/p>\n<p>O Provedor de Juventude de T\u00e1bua vai servir como \u201cuma ponte\u201d entre os jovens e o munic\u00edpio, sintetizou.<\/p>\n<p>Trata-se de um conceito \u201cpioneiro no distrito\u201d, j\u00e1 que \u201cn\u00e3o h\u00e1 nenhuma c\u00e2mara ainda que tenha apresentado a ideia [de criar o provedor de juventude]\u201d.<\/p>\n<p>A ideia vai ser uma \u201cmais-valia\u201d porque vai permitir uma \u201cmaior liga\u00e7\u00e3o\u201d entre os jovens e a autarquia, segundo a perspetiva de David Pinto.<\/p>\n","protected":false},"excerpt":{"rendered":"<p>O Provedor de Juventude de T\u00e1bua vai servir como \u201cuma ponte\u201d entre os jovens e o munic\u00edpio<\/p>\n","protected":false},"author":1,"featured_media":230628,"comment_status":"open","ping_status":"open","sticky":false,"template":"","format":"standard","meta":{"_acf_changed":false,"footnotes":""},"categories":[31,388],"tags":[1722,6947,6948,397],"class_list":["post-230627","post","type-post","status-publish","format-standard","has-post-thumbnail","hentry","category-geral","category-tabua","tag-camara","tag-projeto-de-regulamento","tag-provedor-de-juventude","tag-tabua"],"acf":[],"_links":{"self":[{"href":"https:\/\/critecnow.com\/diariobeiras\/wp-json\/wp\/v2\/posts\/230627","targetHints":{"allow":["GET"]}}],"collection":[{"href":"https:\/\/critecnow.com\/diariobeiras\/wp-json\/wp\/v2\/posts"}],"about":[{"href":"https:\/\/critecnow.com\/diariobeiras\/wp-json\/wp\/v2\/types\/post"}],"author":[{"embeddable":true,"href":"https:\/\/critecnow.com\/diariobeiras\/wp-json\/wp\/v2\/users\/1"}],"replies":[{"embeddable":true,"href":"https:\/\/critecnow.com\/diariobeiras\/wp-json\/wp\/v2\/comments?post=230627"}],"version-history":[{"count":0,"href":"https:\/\/critecnow.com\/diariobeiras\/wp-json\/wp\/v2\/posts\/230627\/revisions"}],"wp:attachment":[{"href":"https:\/\/critecnow.com\/diariobeiras\/wp-json\/wp\/v2\/media?parent=230627"}],"wp:term":[{"taxonomy":"category","embeddable":true,"href":"https:\/\/critecnow.com\/diariobeiras\/wp-json\/wp\/v2\/categories?post=230627"},{"taxonomy":"post_tag","embeddable":true,"href":"https:\/\/critecnow.com\/diariobeiras\/wp-json\/wp\/v2\/tags?post=230627"}],"curies":[{"name":"wp","href":"https:\/\/api.w.org\/{rel}","templated":true}]}}