{"id":231156,"date":"2022-02-03T11:15:54","date_gmt":"2022-02-03T11:15:54","guid":{"rendered":"https:\/\/www.asbeiras.pt\/?p=231156"},"modified":"2022-02-03T11:15:54","modified_gmt":"2022-02-03T11:15:54","slug":"santana-lopes-analisa-concessao-da-piscina-mar","status":"publish","type":"post","link":"https:\/\/critecnow.com\/diariobeiras\/santana-lopes-analisa-concessao-da-piscina-mar\/","title":{"rendered":"Santana Lopes analisa concess\u00e3o da piscina-mar"},"content":{"rendered":"<div id=\"attachment_231183\" style=\"width: 1210px\" class=\"wp-caption alignnone\"><a href=\"https:\/\/www.asbeiras.pt\/wp-content\/uploads\/2022\/02\/08-MAR-PISCINA-arquivo-JA-1.jpg\"><img loading=\"lazy\" decoding=\"async\" aria-describedby=\"caption-attachment-231183\" class=\"wp-image-231183 size-full\" src=\"https:\/\/www.asbeiras.pt\/wp-content\/uploads\/2022\/02\/08-MAR-PISCINA-arquivo-JA-1.jpg\" alt=\"\" width=\"1200\" height=\"628\" \/><\/a><p id=\"caption-attachment-231183\" class=\"wp-caption-text\">DR<\/p><\/div>\n<p>O presidente da C\u00e2mara da Figueira da Foz, Pedro Santana Lopes, est\u00e1 a analisar, juridicamente, o processo de concess\u00e3o da piscina-mar a privados, h\u00e1 cerca de dois anos, por um per\u00edodo de 50 anos, e cujas obras ainda n\u00e3o arrancaram.<\/p>\n<p>O autarca est\u00e1 inclinado para a anula\u00e7\u00e3o da adjudica\u00e7\u00e3o. As declara\u00e7\u00f5es foram feitas ontem, na reuni\u00e3o de c\u00e2mara, que retomou, no final da sess\u00e3o, quando foi indagado sobre o assunto pelos jornalistas.<\/p>\n<p>De resto, o projeto j\u00e1 est\u00e1 a ser elaborado.<\/p>\n<p>|Leia a not\u00edcia na \u00edntegra na edi\u00e7\u00e3o de hoje do DI\u00c1RIO AS BEIRAS<\/p>\n","protected":false},"excerpt":{"rendered":"<p>O presidente da C\u00e2mara da Figueira da Foz, Pedro Santana Lopes, est\u00e1 a analisar, juridicamente, o processo de concess\u00e3o da piscina-mar a privados, h\u00e1 cerca de dois anos, por um per\u00edodo de 50 anos, e cujas obras ainda n\u00e3o arrancaram<\/p>\n","protected":false},"author":1,"featured_media":231157,"comment_status":"open","ping_status":"open","sticky":false,"template":"","format":"standard","meta":{"_acf_changed":false,"footnotes":""},"categories":[62,31],"tags":[7066,63,2297],"class_list":["post-231156","post","type-post","status-publish","format-standard","has-post-thumbnail","hentry","category-figueira-da-foz","category-geral","tag-complexo-piscina-mar","tag-figueira-da-foz","tag-pedro-santana-lopes"],"acf":[],"_links":{"self":[{"href":"https:\/\/critecnow.com\/diariobeiras\/wp-json\/wp\/v2\/posts\/231156","targetHints":{"allow":["GET"]}}],"collection":[{"href":"https:\/\/critecnow.com\/diariobeiras\/wp-json\/wp\/v2\/posts"}],"about":[{"href":"https:\/\/critecnow.com\/diariobeiras\/wp-json\/wp\/v2\/types\/post"}],"author":[{"embeddable":true,"href":"https:\/\/critecnow.com\/diariobeiras\/wp-json\/wp\/v2\/users\/1"}],"replies":[{"embeddable":true,"href":"https:\/\/critecnow.com\/diariobeiras\/wp-json\/wp\/v2\/comments?post=231156"}],"version-history":[{"count":0,"href":"https:\/\/critecnow.com\/diariobeiras\/wp-json\/wp\/v2\/posts\/231156\/revisions"}],"wp:attachment":[{"href":"https:\/\/critecnow.com\/diariobeiras\/wp-json\/wp\/v2\/media?parent=231156"}],"wp:term":[{"taxonomy":"category","embeddable":true,"href":"https:\/\/critecnow.com\/diariobeiras\/wp-json\/wp\/v2\/categories?post=231156"},{"taxonomy":"post_tag","embeddable":true,"href":"https:\/\/critecnow.com\/diariobeiras\/wp-json\/wp\/v2\/tags?post=231156"}],"curies":[{"name":"wp","href":"https:\/\/api.w.org\/{rel}","templated":true}]}}