{"id":231350,"date":"2022-02-04T12:34:22","date_gmt":"2022-02-04T12:34:22","guid":{"rendered":"https:\/\/www.asbeiras.pt\/?p=231350"},"modified":"2022-02-04T12:34:22","modified_gmt":"2022-02-04T12:34:22","slug":"precos-de-venda-das-casas-subiu-em-2021-mais-de-10-em-metade-das-capitais-de-distrito","status":"publish","type":"post","link":"https:\/\/critecnow.com\/diariobeiras\/precos-de-venda-das-casas-subiu-em-2021-mais-de-10-em-metade-das-capitais-de-distrito\/","title":{"rendered":"Pre\u00e7os de venda das casas subiu em 2021 mais de 10% em metade das capitais de distrito"},"content":{"rendered":"<div id=\"attachment_231351\" style=\"width: 1210px\" class=\"wp-caption alignnone\"><a href=\"https:\/\/www.asbeiras.pt\/wp-content\/uploads\/2022\/02\/img_1200x9002021_05_07_10_05_32_402621.jpg\"><img loading=\"lazy\" decoding=\"async\" aria-describedby=\"caption-attachment-231351\" class=\"size-full wp-image-231351\" src=\"https:\/\/www.asbeiras.pt\/wp-content\/uploads\/2022\/02\/img_1200x9002021_05_07_10_05_32_402621.jpg\" alt=\"\" width=\"1200\" height=\"628\" \/><\/a><p id=\"caption-attachment-231351\" class=\"wp-caption-text\">DR<\/p><\/div>\n<p class=\"text-paragraph\" data-uw-styling-context=\"true\">Os pre\u00e7os de venda das casas em Portugal continental subiram mais de 10% em metade das capitais de distrito, revelou hoje a Confidencial Imobili\u00e1rio.<\/p>\n<p class=\"text-paragraph\" data-uw-styling-context=\"true\">O segundo ano da pandemia de covid-19 trouxe \u201cuma intensifica\u00e7\u00e3o na subida dos pre\u00e7os de venda das casas \u00e0 maior parte das cidades capital de distrito no pa\u00eds\u201d, de acordo com os resultados mais recentes do \u00cdndice de Pre\u00e7os Residenciais da Confidencial Imobili\u00e1rio.<\/p>\n<p class=\"text-paragraph\" data-uw-styling-context=\"true\">No ano passado, metade das capitais de distrito de Portugal continental registou uma valoriza\u00e7\u00e3o anual superior a 10%, quando no ano anterior, \u201capenas quatro cidades estavam nesse patamar\u201d, esclarece a Confidencial Imobili\u00e1rio num comunicado, adiantando que Faro liderou a valoriza\u00e7\u00e3o anual (+26,4%), seguida de Set\u00fabal (18,7%), Viseu (18,5%) e Aveiro (17,3%).<\/p>\n<p class=\"text-paragraph\" data-uw-styling-context=\"true\">No patamar de valoriza\u00e7\u00f5es entre 10% e 15%, inclu\u00edram-se al\u00e9m de Lisboa (+11,7%) e Porto (+10,3%), Coimbra (13,5%), Beja (+11,8%) e Braga (+11,4%), sendo que as restantes capitais de distrito posicionaram o crescimento dos pre\u00e7os em 2021 entre 5% e 10%, com a \u00fanica exce\u00e7\u00e3o de Santar\u00e9m, onde os pre\u00e7os da habita\u00e7\u00e3o desceram 3,5% face a 2020.<\/p>\n","protected":false},"excerpt":{"rendered":"<p>Os pre\u00e7os de venda das casas em Portugal continental subiram mais de 10% em metade das capitais de distrito, revelou hoje a Confidencial Imobili\u00e1rio<\/p>\n","protected":false},"author":1,"featured_media":231351,"comment_status":"open","ping_status":"open","sticky":false,"template":"","format":"standard","meta":{"_acf_changed":false,"footnotes":""},"categories":[82,31],"tags":[7107,597,713],"class_list":["post-231350","post","type-post","status-publish","format-standard","has-post-thumbnail","hentry","category-economia","category-geral","tag-capitais","tag-precos","tag-venda"],"acf":[],"_links":{"self":[{"href":"https:\/\/critecnow.com\/diariobeiras\/wp-json\/wp\/v2\/posts\/231350","targetHints":{"allow":["GET"]}}],"collection":[{"href":"https:\/\/critecnow.com\/diariobeiras\/wp-json\/wp\/v2\/posts"}],"about":[{"href":"https:\/\/critecnow.com\/diariobeiras\/wp-json\/wp\/v2\/types\/post"}],"author":[{"embeddable":true,"href":"https:\/\/critecnow.com\/diariobeiras\/wp-json\/wp\/v2\/users\/1"}],"replies":[{"embeddable":true,"href":"https:\/\/critecnow.com\/diariobeiras\/wp-json\/wp\/v2\/comments?post=231350"}],"version-history":[{"count":0,"href":"https:\/\/critecnow.com\/diariobeiras\/wp-json\/wp\/v2\/posts\/231350\/revisions"}],"wp:attachment":[{"href":"https:\/\/critecnow.com\/diariobeiras\/wp-json\/wp\/v2\/media?parent=231350"}],"wp:term":[{"taxonomy":"category","embeddable":true,"href":"https:\/\/critecnow.com\/diariobeiras\/wp-json\/wp\/v2\/categories?post=231350"},{"taxonomy":"post_tag","embeddable":true,"href":"https:\/\/critecnow.com\/diariobeiras\/wp-json\/wp\/v2\/tags?post=231350"}],"curies":[{"name":"wp","href":"https:\/\/api.w.org\/{rel}","templated":true}]}}