{"id":231408,"date":"2022-02-05T11:42:32","date_gmt":"2022-02-05T11:42:32","guid":{"rendered":"https:\/\/www.asbeiras.pt\/?p=231408"},"modified":"2022-02-05T11:42:32","modified_gmt":"2022-02-05T11:42:32","slug":"figueira-da-foz-constituida-associacao-de-proprietarios-da-morraceira","status":"publish","type":"post","link":"https:\/\/critecnow.com\/diariobeiras\/figueira-da-foz-constituida-associacao-de-proprietarios-da-morraceira\/","title":{"rendered":"Figueira da Foz: Constitu\u00edda associa\u00e7\u00e3o de propriet\u00e1rios da Morraceira"},"content":{"rendered":"<div id=\"attachment_231409\" style=\"width: 1210px\" class=\"wp-caption aligncenter\"><a href=\"https:\/\/www.asbeiras.pt\/wp-content\/uploads\/2022\/02\/08-associacao-morraceira-DR.jpg\"><img loading=\"lazy\" decoding=\"async\" aria-describedby=\"caption-attachment-231409\" class=\"size-full wp-image-231409\" src=\"https:\/\/www.asbeiras.pt\/wp-content\/uploads\/2022\/02\/08-associacao-morraceira-DR.jpg\" alt=\"\" width=\"1200\" height=\"628\" \/><\/a><p id=\"caption-attachment-231409\" class=\"wp-caption-text\">DR-Associa\u00e7\u00e3o foi constitu\u00edda na semana passada<\/p><\/div>\n<p>A Associa\u00e7\u00e3o de Propriet\u00e1rios para o Desenvolvimento Sustent\u00e1vel e Integrado da Morraceira Figueira da Foz (APDSIM-FF) foi recentemente constitu\u00edda. Nota enviada ao DI\u00c1RIO AS BEIRAS avan\u00e7a que esta estrutura associativa tem como objetivo \u201cconjugar sinergias e ligar as fam\u00edlias e o setor empresarial centen\u00e1rios\u201d.<br \/>\nOs fundadores acrescentam que \u201cesta associa\u00e7\u00e3o ergue-se com base no decl\u00ednio acentuado do setor extrativo de sal artesanal na Figueira da Foz desde as d\u00e9cadas de 70 e 80 [do s\u00e9culo passado] que se tem vindo a verificar at\u00e9 aos dias de hoje, a par dos constrangimentos na implementa\u00e7\u00e3o de projetos ligados \u00e0s culturas marinhas emergentes, produ\u00e7\u00e3o de peixe\/bivalves semi-intensivo e extensivo\/bio, bem como projetos tur\u00edsticos de segmentos inexistentes que consideremos importantes para a oferta tur\u00edstica do concelho mas condicionados por terceiros e de institui\u00e7\u00f5es governamentais\u201d.<br \/>\nA associa\u00e7\u00e3o, acrescenta a nota, frisa ainda que \u201c\u00e9 preocupa\u00e7\u00e3o da APDSIM-FF a inexist\u00eancia de mecanismos de prote\u00e7\u00e3o e classifica\u00e7\u00e3o ambiental da zona estuarina do Mondego em pleno s\u00e9culo 21, sendo para a associa\u00e7\u00e3o de extrema import\u00e2ncia a aplica\u00e7\u00e3o de mecanismos de prote\u00e7\u00e3o da referida \u00e1rea, tendo em conta tratar-se de uma zona h\u00famida rica em biodiversidade e de interesse ambiental\u201d.<\/p>\n<p><em>Pode ler a not\u00edcia completa na edi\u00e7\u00e3o impressa e digital do DI\u00c1RIO AS BEIRAS<\/em><\/p>\n","protected":false},"excerpt":{"rendered":"<p>Nota enviada ao DI\u00c1RIO AS BEIRAS avan\u00e7a que esta estrutura associativa tem como objetivo \u201cconjugar sinergias e ligar as fam\u00edlias e o setor empresarial centen\u00e1rios\u201d<\/p>\n","protected":false},"author":1,"featured_media":231409,"comment_status":"open","ping_status":"open","sticky":false,"template":"","format":"standard","meta":{"_acf_changed":false,"footnotes":""},"categories":[62,31],"tags":[3685,63,7115],"class_list":["post-231408","post","type-post","status-publish","format-standard","has-post-thumbnail","hentry","category-figueira-da-foz","category-geral","tag-associacao","tag-figueira-da-foz","tag-morraceira"],"acf":[],"_links":{"self":[{"href":"https:\/\/critecnow.com\/diariobeiras\/wp-json\/wp\/v2\/posts\/231408","targetHints":{"allow":["GET"]}}],"collection":[{"href":"https:\/\/critecnow.com\/diariobeiras\/wp-json\/wp\/v2\/posts"}],"about":[{"href":"https:\/\/critecnow.com\/diariobeiras\/wp-json\/wp\/v2\/types\/post"}],"author":[{"embeddable":true,"href":"https:\/\/critecnow.com\/diariobeiras\/wp-json\/wp\/v2\/users\/1"}],"replies":[{"embeddable":true,"href":"https:\/\/critecnow.com\/diariobeiras\/wp-json\/wp\/v2\/comments?post=231408"}],"version-history":[{"count":0,"href":"https:\/\/critecnow.com\/diariobeiras\/wp-json\/wp\/v2\/posts\/231408\/revisions"}],"wp:attachment":[{"href":"https:\/\/critecnow.com\/diariobeiras\/wp-json\/wp\/v2\/media?parent=231408"}],"wp:term":[{"taxonomy":"category","embeddable":true,"href":"https:\/\/critecnow.com\/diariobeiras\/wp-json\/wp\/v2\/categories?post=231408"},{"taxonomy":"post_tag","embeddable":true,"href":"https:\/\/critecnow.com\/diariobeiras\/wp-json\/wp\/v2\/tags?post=231408"}],"curies":[{"name":"wp","href":"https:\/\/api.w.org\/{rel}","templated":true}]}}