{"id":232701,"date":"2022-02-23T11:15:16","date_gmt":"2022-02-23T11:15:16","guid":{"rendered":"https:\/\/www.asbeiras.pt\/?p=232701"},"modified":"2022-02-23T11:15:16","modified_gmt":"2022-02-23T11:15:16","slug":"rota-turistica-do-queijo-da-regiao-centro-arranca-no-verao","status":"publish","type":"post","link":"https:\/\/critecnow.com\/diariobeiras\/rota-turistica-do-queijo-da-regiao-centro-arranca-no-verao\/","title":{"rendered":"Rota Tur\u00edstica do queijo da Regi\u00e3o Centro arranca no ver\u00e3o"},"content":{"rendered":"<div id=\"attachment_232702\" style=\"width: 1210px\" class=\"wp-caption alignnone\"><a href=\"https:\/\/www.asbeiras.pt\/wp-content\/uploads\/2022\/02\/11-oliveira.jpg\"><img loading=\"lazy\" decoding=\"async\" aria-describedby=\"caption-attachment-232702\" class=\"size-full wp-image-232702\" src=\"https:\/\/www.asbeiras.pt\/wp-content\/uploads\/2022\/02\/11-oliveira.jpg\" alt=\"\" width=\"1200\" height=\"628\" \/><\/a><p id=\"caption-attachment-232702\" class=\"wp-caption-text\">DR<\/p><\/div>\n<p>N\u00e3o ser\u00e1 necess\u00e1rio esperar mais de seis meses para que os turistas possam usufruir de uma rota tur\u00edstica, que vai abrir portas para a degusta\u00e7\u00e3o dos <a href=\"https:\/\/tradicional.dgadr.gov.pt\/pt\/produtos-por-regime-de-qualidade\/dop-denominacao-de-origem-protegida\">queijos de Denomina\u00e7\u00e3o de Origem Protegida (DOP<\/a>) da regi\u00e3o Centro e visitar pastagens e queijarias, num territ\u00f3rio que se estende por mais de tr\u00eas dezenas e meia de concelhos.<\/p>\n<p>|Leia a not\u00edcia na \u00edntegra na edi\u00e7\u00e3o de hoje do DI\u00c1RIO AS BEIRAS.<\/p>\n","protected":false},"excerpt":{"rendered":"<p>N\u00e3o ser\u00e1 necess\u00e1rio esperar mais de seis meses para que os turistas possam usufruir de uma rota tur\u00edstica, que vai abrir portas para a degusta\u00e7\u00e3o dos queijos de Denomina\u00e7\u00e3o de Origem Protegida (DOP)<\/p>\n","protected":false},"author":1,"featured_media":232702,"comment_status":"open","ping_status":"open","sticky":false,"template":"","format":"standard","meta":{"_acf_changed":false,"footnotes":""},"categories":[31,374],"tags":[7361,527,1193,7362],"class_list":["post-232701","post","type-post","status-publish","format-standard","has-post-thumbnail","hentry","category-geral","category-oliveira-do-hospital","tag-dop","tag-queijo","tag-regiao-centro","tag-rota-turistica"],"acf":[],"_links":{"self":[{"href":"https:\/\/critecnow.com\/diariobeiras\/wp-json\/wp\/v2\/posts\/232701","targetHints":{"allow":["GET"]}}],"collection":[{"href":"https:\/\/critecnow.com\/diariobeiras\/wp-json\/wp\/v2\/posts"}],"about":[{"href":"https:\/\/critecnow.com\/diariobeiras\/wp-json\/wp\/v2\/types\/post"}],"author":[{"embeddable":true,"href":"https:\/\/critecnow.com\/diariobeiras\/wp-json\/wp\/v2\/users\/1"}],"replies":[{"embeddable":true,"href":"https:\/\/critecnow.com\/diariobeiras\/wp-json\/wp\/v2\/comments?post=232701"}],"version-history":[{"count":0,"href":"https:\/\/critecnow.com\/diariobeiras\/wp-json\/wp\/v2\/posts\/232701\/revisions"}],"wp:attachment":[{"href":"https:\/\/critecnow.com\/diariobeiras\/wp-json\/wp\/v2\/media?parent=232701"}],"wp:term":[{"taxonomy":"category","embeddable":true,"href":"https:\/\/critecnow.com\/diariobeiras\/wp-json\/wp\/v2\/categories?post=232701"},{"taxonomy":"post_tag","embeddable":true,"href":"https:\/\/critecnow.com\/diariobeiras\/wp-json\/wp\/v2\/tags?post=232701"}],"curies":[{"name":"wp","href":"https:\/\/api.w.org\/{rel}","templated":true}]}}