{"id":232869,"date":"2022-02-25T15:09:48","date_gmt":"2022-02-25T15:09:48","guid":{"rendered":"https:\/\/www.asbeiras.pt\/?p=232869"},"modified":"2022-02-25T15:09:48","modified_gmt":"2022-02-25T15:09:48","slug":"coimbra-obras-do-metro-bus-criam-novos-condicionamentos-na-praca-25-de-abril","status":"publish","type":"post","link":"https:\/\/critecnow.com\/diariobeiras\/coimbra-obras-do-metro-bus-criam-novos-condicionamentos-na-praca-25-de-abril\/","title":{"rendered":"Coimbra: Obras do &#8216;metro bus&#8217; criam novos condicionamentos na Pra\u00e7a 25 de Abril"},"content":{"rendered":"<p data-uw-styling-context=\"true\"><a href=\"https:\/\/www.asbeiras.pt\/wp-content\/uploads\/2021\/05\/08-metrobus.jpg\"><img loading=\"lazy\" decoding=\"async\" class=\"alignnone size-full wp-image-216990\" src=\"https:\/\/www.asbeiras.pt\/wp-content\/uploads\/2021\/05\/08-metrobus.jpg\" alt=\"\" width=\"1200\" height=\"628\" \/><\/a><\/p>\n<p data-uw-styling-context=\"true\">A Pra\u00e7a 25 de Abril, em Coimbra, vai sofrer novos condicionamentos, <strong>a partir de segunda-feira, 28 de fevereiro<\/strong>, devido \u00e0s obras do \u2018metro bus\u2019, no tro\u00e7o urbano Alto de S\u00e3o Jo\u00e3o &#8211; Portagem, anunciou hoje a <a href=\"https:\/\/www.metromondego.pt\/\">Metro Mondego<\/a>.<\/p>\n<p class=\"text-paragraph\" data-uw-styling-context=\"true\">Em comunicado, a Metro Mondego informou que v\u00e3o ser implementadas restri\u00e7\u00f5es \u00e0 circula\u00e7\u00e3o rodovi\u00e1ria e pedonal neste local e na zona envolvente, tendo sido criados, em articula\u00e7\u00e3o com a C\u00e2mara Municipal de Coimbra, percursos alternativos que est\u00e3o devidamente sinalizados no local.<\/p>\n<p class=\"text-paragraph\" data-uw-styling-context=\"true\">A amplia\u00e7\u00e3o da zona de ocupa\u00e7\u00e3o da Pra\u00e7a 25 de Abril tem como objetivo a cria\u00e7\u00e3o de \u201cum novo arruamento, dotado de lugares de estacionamento, que ligar\u00e1 a Rua D. Jo\u00e3o III \u00e0 Rua Tom\u00e9 Rodrigues Sobral\u201d.<\/p>\n<p class=\"text-paragraph\" data-uw-styling-context=\"true\">Prev\u00ea tamb\u00e9m a constru\u00e7\u00e3o \u201cum corredor de liga\u00e7\u00e3o do \u2018metro bus\u2019 desde a Rua do Brasil at\u00e9 \u00e0 zona do Est\u00e1dio Cidade de Coimbra, incluindo a futura Esta\u00e7\u00e3o de S\u00e3o Jos\u00e9; trabalhos iniciais para amplia\u00e7\u00e3o do espa\u00e7o pedonal na Pra\u00e7a 25 de Abril; a constru\u00e7\u00e3o das infraestruturas de ilumina\u00e7\u00e3o p\u00fablica e a reabilita\u00e7\u00e3o integral do sistema de drenagem\u201d.<\/p>\n<p class=\"text-paragraph\" data-uw-styling-context=\"true\">De acordo com a Metro Mondego, com esta &#8220;interven\u00e7\u00e3o profunda de transforma\u00e7\u00e3o e reabilita\u00e7\u00e3o&#8221; da Pra\u00e7a 25 de Abril, ser\u00e3o criados novos espa\u00e7os pedonais e de estacionamento e restruturado o sistema rodovi\u00e1rio envolvente.<\/p>\n<p class=\"text-paragraph\" data-uw-styling-context=\"true\">Na Pra\u00e7a existir\u00e1 uma nova paragem (S\u00e3o Jos\u00e9), que \u201cficar\u00e1 situada junto da futura interface de transportes\u201d, acrescentou.<\/p>\n<p class=\"text-paragraph\" data-uw-styling-context=\"true\">A instala\u00e7\u00e3o da interface neste local ser\u00e1 \u201cum fator de dinamiza\u00e7\u00e3o da mobilidade em Coimbra, passando os utilizadores a dispor numa mesma zona, com r\u00e1pido e f\u00e1cil acesso, do futuro \u2018metro bus\u2019, do transporte coletivo rodovi\u00e1rio, dos t\u00e1xis e de um parque autom\u00f3vel, promovendo assim a maior utiliza\u00e7\u00e3o do transporte p\u00fablico\u201d.<\/p>\n<p class=\"text-paragraph\" data-uw-styling-context=\"true\">Recorde-se que a empreitada de constru\u00e7\u00e3o do tro\u00e7o do \u2018metro bus\u2019 no concelho de Coimbra, entre o Alto de S\u00e3o Jo\u00e3o e a Portagem, com cerca de 5,2 quil\u00f3metros de extens\u00e3o, foi consignada em novembro de 2021 e tem j\u00e1 v\u00e1rias frentes de obra.<\/p>\n<p class=\"text-paragraph\" data-uw-styling-context=\"true\">As interven\u00e7\u00f5es a executar pela Infraestruturas de Portugal visam a adapta\u00e7\u00e3o da infraestrutura ferrovi\u00e1ria existente no tro\u00e7o urbano do ramal ferrovi\u00e1rio da Lous\u00e3, de forma a possibilitar a cria\u00e7\u00e3o de um servi\u00e7o de transporte em autocarros de alta capacidade, com tra\u00e7\u00e3o el\u00e9trica (a baterias) e em canal pr\u00f3prio.<\/p>\n<p class=\"text-paragraph\" data-uw-styling-context=\"true\">A empreitada vai ser desenvolvida de forma faseada, de modo a \u201cminimizar os impactos na mobilidade dentro da cidade de Coimbra\u201d.<\/p>\n<p class=\"text-paragraph\" data-uw-styling-context=\"true\">Esta obra integra o projeto atualmente j\u00e1 em execu\u00e7\u00e3o, cofinanciado pela Uni\u00e3o Europeia, \u201cde cria\u00e7\u00e3o de um servi\u00e7o de transporte moderno, seguro e confort\u00e1vel que far\u00e1 a liga\u00e7\u00e3o entre Serpins, Lous\u00e3 e Miranda do Corvo a Coimbra, numa extens\u00e3o de 42 quil\u00f3metros, oferecendo uma alternativa de mobilidade eficiente e sustent\u00e1vel, dispon\u00edvel para as popula\u00e7\u00f5es da regi\u00e3o de Coimbra\u201d.<\/p>\n","protected":false},"excerpt":{"rendered":"<p>A Pra\u00e7a 25 de Abril, em Coimbra, vai sofrer novos condicionamentos, a partir de segunda-feira, 28 de fevereiro, devido \u00e0s obras do \u2018metro bus\u2019, no tro\u00e7o urbano Alto de S\u00e3o Jo\u00e3o &#8211; Portagem, anunciou hoje a Metro Mondego<\/p>\n","protected":false},"author":1,"featured_media":195652,"comment_status":"open","ping_status":"open","sticky":false,"template":"","format":"standard","meta":{"_acf_changed":false,"footnotes":""},"categories":[39,31],"tags":[40,7389,4045],"class_list":["post-232869","post","type-post","status-publish","format-standard","has-post-thumbnail","hentry","category-coimbra-2","category-geral","tag-coimbra","tag-metro-bus","tag-praca-25-de-abril"],"acf":[],"_links":{"self":[{"href":"https:\/\/critecnow.com\/diariobeiras\/wp-json\/wp\/v2\/posts\/232869","targetHints":{"allow":["GET"]}}],"collection":[{"href":"https:\/\/critecnow.com\/diariobeiras\/wp-json\/wp\/v2\/posts"}],"about":[{"href":"https:\/\/critecnow.com\/diariobeiras\/wp-json\/wp\/v2\/types\/post"}],"author":[{"embeddable":true,"href":"https:\/\/critecnow.com\/diariobeiras\/wp-json\/wp\/v2\/users\/1"}],"replies":[{"embeddable":true,"href":"https:\/\/critecnow.com\/diariobeiras\/wp-json\/wp\/v2\/comments?post=232869"}],"version-history":[{"count":0,"href":"https:\/\/critecnow.com\/diariobeiras\/wp-json\/wp\/v2\/posts\/232869\/revisions"}],"wp:attachment":[{"href":"https:\/\/critecnow.com\/diariobeiras\/wp-json\/wp\/v2\/media?parent=232869"}],"wp:term":[{"taxonomy":"category","embeddable":true,"href":"https:\/\/critecnow.com\/diariobeiras\/wp-json\/wp\/v2\/categories?post=232869"},{"taxonomy":"post_tag","embeddable":true,"href":"https:\/\/critecnow.com\/diariobeiras\/wp-json\/wp\/v2\/tags?post=232869"}],"curies":[{"name":"wp","href":"https:\/\/api.w.org\/{rel}","templated":true}]}}