{"id":233254,"date":"2022-03-03T14:42:19","date_gmt":"2022-03-03T14:42:19","guid":{"rendered":"https:\/\/www.asbeiras.pt\/?p=233254"},"modified":"2022-03-03T14:42:19","modified_gmt":"2022-03-03T14:42:19","slug":"concurso-recebe-propostas-para-25-mil-camas-para-universitarios-ate-2026","status":"publish","type":"post","link":"https:\/\/critecnow.com\/diariobeiras\/concurso-recebe-propostas-para-25-mil-camas-para-universitarios-ate-2026\/","title":{"rendered":"Concurso recebe propostas para 25 mil camas para universit\u00e1rios at\u00e9 2026"},"content":{"rendered":"<div id=\"attachment_233255\" style=\"width: 1210px\" class=\"wp-caption alignnone\"><a href=\"https:\/\/www.asbeiras.pt\/wp-content\/uploads\/2022\/03\/RUL_Quarto_Duplo.jpg\"><img loading=\"lazy\" decoding=\"async\" aria-describedby=\"caption-attachment-233255\" class=\"size-full wp-image-233255\" src=\"https:\/\/www.asbeiras.pt\/wp-content\/uploads\/2022\/03\/RUL_Quarto_Duplo.jpg\" alt=\"\" width=\"1200\" height=\"628\" \/><\/a><p id=\"caption-attachment-233255\" class=\"wp-caption-text\">cofre.org\/residencia-universitaria<\/p><\/div>\n<p data-uw-styling-context=\"true\">As candidaturas ao programa de apoio \u00e0 constru\u00e7\u00e3o, reabilita\u00e7\u00e3o e renova\u00e7\u00e3o de resid\u00eancias para estudantes do ensino superior prev\u00eaem a interven\u00e7\u00e3o em mais de 25 mil camas, entre novas e requalificadas, at\u00e9 2026.<\/p>\n<p class=\"text-paragraph\" data-uw-styling-context=\"true\">Os dados foram avan\u00e7ados hoje pelo <a href=\"https:\/\/www.portugal.gov.pt\/pt\/gc21\/governo\/nomeacoes\/gc21\/nomeacoes\/ministro-da-ciencia-tecnologia-e-ensino-superior.aspx\">gabinete do ministro da Ci\u00eancia, Tecnologia e Ensino Superior<\/a> (MCTES) e referem-se ao concurso que conta com o apoio financeiro do Plano de Recupera\u00e7\u00e3o e Resili\u00eancia (PRR) para <strong>alargar a atual oferta de camas a pre\u00e7os acess\u00edveis para estudantes do ensino superior<\/strong>.<\/p>\n<p class=\"text-paragraph\" data-uw-styling-context=\"true\">Segundo o MCTES, deram entrada \u201c201 manifesta\u00e7\u00f5es de interesse por parte de diversas entidades p\u00fablicas&#8221;, sendo que a maioria das propostas partiu das institui\u00e7\u00f5es de ensino superior (IES) &#8211; 132 manifesta\u00e7\u00f5es de interesse \u2013 mas tamb\u00e9m se candidataram a este apoio autarquias locais, com 44 propostas, assim como miseric\u00f3rdias, funda\u00e7\u00f5es e empresas p\u00fablicas.<\/p>\n<p class=\"text-paragraph\" data-uw-styling-context=\"true\">No total, as propostas \u2013 que come\u00e7aram agora a ser avaliadas &#8211; preveem a interven\u00e7\u00e3o em mais de 25 mil camas, das quais 16.551 s\u00e3o novas e 8.541 j\u00e1 existem e ser\u00e3o renovadas, segundo dados da tutela.<\/p>\n<p class=\"text-paragraph\" data-uw-styling-context=\"true\">Os projetos est\u00e3o espalhados por 70 munic\u00edpios, sendo Lisboa o que conta com mais propostas (29), seguindo-se o Porto (13), Coimbra e \u00c9vora (ambos com 11) e Aveiro e Faro (com 10 cada).<\/p>\n<p class=\"text-paragraph\" data-uw-styling-context=\"true\">Olhando para as regi\u00f5es do pa\u00eds, foi do centro que chegaram mais propostas (61), seguindo-se o norte, que concentra um quarto das propostas (51) , Lisboa (46), o Alentejo com 21 candidaturas e o Algarve 12. Finalmente, foram apresentadas quatro propostas para os A\u00e7ores e tr\u00eas para a Madeira.<\/p>\n<p class=\"text-paragraph\" data-uw-styling-context=\"true\">As candidaturas preveem a constru\u00e7\u00e3o de 65 novos alojamentos, com destaque para as IES que se prop\u00f5em a construir 41 alojamentos.<\/p>\n<p class=\"text-paragraph\" data-uw-styling-context=\"true\">H\u00e1 ainda propostas no sentido de adaptar 72 alojamentos que j\u00e1 existem, comprar 13 im\u00f3veis para os adaptar em resid\u00eancias para estudantes e renovar 67 alojamentos que j\u00e1 est\u00e3o a funcionar.<\/p>\n<p class=\"text-paragraph\" data-uw-styling-context=\"true\">O programa prev\u00ea que os projetos estejam executados <strong>at\u00e9 mar\u00e7o de 2026 e supera os 700 milh\u00f5es de euros de investimento<\/strong>, \u201ccom um total de financiamento solicitado ao PRR de cerca de 570 milh\u00f5es de euros\u201d, segundo a tutela.<\/p>\n<p class=\"text-paragraph\" data-uw-styling-context=\"true\">No caso das institui\u00e7\u00f5es de ensino superior, por exemplo, os projetos candidatos preveem um investimento de quase 428 milh\u00f5es euros, que ter\u00e3o um financiamento oriundo do PRR de 364 milh\u00f5es.<\/p>\n<p class=\"text-paragraph\" data-uw-styling-context=\"true\">Os v\u00e1rios processos de candidatura come\u00e7aram agora a ser avaliados tendo em conta crit\u00e9rios como a inova\u00e7\u00e3o na constru\u00e7\u00e3o, a capacidade de execu\u00e7\u00e3o dos projetos nos pr\u00f3ximos quatro anos e a rela\u00e7\u00e3o local entre a procura e a oferta.<\/p>\n<p class=\"text-paragraph\" data-uw-styling-context=\"true\">Todo este processo inclui a introdu\u00e7\u00e3o em Portugal de um novo regime legal para a constru\u00e7\u00e3o e o licenciamento de resid\u00eancias estudantis, que est\u00e1 em vigor desde janeiro deste ano.<\/p>\n<p class=\"text-paragraph\" data-uw-styling-context=\"true\">O programa foi desenvolvido ao abrigo do Plano Nacional para o Alojamento no Ensino Superior, lan\u00e7ado pelo atual ministro Manuel Heitor.<\/p>\n","protected":false},"excerpt":{"rendered":"<p>As candidaturas ao programa de apoio \u00e0 constru\u00e7\u00e3o, reabilita\u00e7\u00e3o e renova\u00e7\u00e3o de resid\u00eancias para estudantes do ensino superior prev\u00eaem a interven\u00e7\u00e3o em mais de 25 mil camas, entre novas e requalificadas, at\u00e9 2026<\/p>\n","protected":false},"author":1,"featured_media":233255,"comment_status":"open","ping_status":"open","sticky":false,"template":"","format":"standard","meta":{"_acf_changed":false,"footnotes":""},"categories":[31,33],"tags":[2023,337,2957],"class_list":["post-233254","post","type-post","status-publish","format-standard","has-post-thumbnail","hentry","category-geral","category-nacional","tag-educacao","tag-habitacao","tag-universidades"],"acf":[],"_links":{"self":[{"href":"https:\/\/critecnow.com\/diariobeiras\/wp-json\/wp\/v2\/posts\/233254","targetHints":{"allow":["GET"]}}],"collection":[{"href":"https:\/\/critecnow.com\/diariobeiras\/wp-json\/wp\/v2\/posts"}],"about":[{"href":"https:\/\/critecnow.com\/diariobeiras\/wp-json\/wp\/v2\/types\/post"}],"author":[{"embeddable":true,"href":"https:\/\/critecnow.com\/diariobeiras\/wp-json\/wp\/v2\/users\/1"}],"replies":[{"embeddable":true,"href":"https:\/\/critecnow.com\/diariobeiras\/wp-json\/wp\/v2\/comments?post=233254"}],"version-history":[{"count":0,"href":"https:\/\/critecnow.com\/diariobeiras\/wp-json\/wp\/v2\/posts\/233254\/revisions"}],"wp:attachment":[{"href":"https:\/\/critecnow.com\/diariobeiras\/wp-json\/wp\/v2\/media?parent=233254"}],"wp:term":[{"taxonomy":"category","embeddable":true,"href":"https:\/\/critecnow.com\/diariobeiras\/wp-json\/wp\/v2\/categories?post=233254"},{"taxonomy":"post_tag","embeddable":true,"href":"https:\/\/critecnow.com\/diariobeiras\/wp-json\/wp\/v2\/tags?post=233254"}],"curies":[{"name":"wp","href":"https:\/\/api.w.org\/{rel}","templated":true}]}}