{"id":233331,"date":"2022-03-04T12:52:47","date_gmt":"2022-03-04T12:52:47","guid":{"rendered":"https:\/\/www.asbeiras.pt\/?p=233331"},"modified":"2022-03-04T12:52:47","modified_gmt":"2022-03-04T12:52:47","slug":"crise-energia-havera-medidas-para-mitigar-impacto-da-subida-dos-combustiveis","status":"publish","type":"post","link":"https:\/\/critecnow.com\/diariobeiras\/crise-energia-havera-medidas-para-mitigar-impacto-da-subida-dos-combustiveis\/","title":{"rendered":"Crise\/Energia: \u201cHaver\u00e1 medidas para mitigar impacto da subida dos combust\u00edveis\u201d"},"content":{"rendered":"<div id=\"attachment_224525\" style=\"width: 1210px\" class=\"wp-caption alignnone\"><a href=\"https:\/\/www.asbeiras.pt\/wp-content\/uploads\/2021\/10\/20-combustiveis-1.jpg\"><img loading=\"lazy\" decoding=\"async\" aria-describedby=\"caption-attachment-224525\" class=\"size-full wp-image-224525\" src=\"https:\/\/www.asbeiras.pt\/wp-content\/uploads\/2021\/10\/20-combustiveis-1.jpg\" alt=\"\" width=\"1200\" height=\"628\" \/><\/a><p id=\"caption-attachment-224525\" class=\"wp-caption-text\">Foto DR<\/p><\/div>\n<p class=\"text-paragraph\" data-uw-styling-context=\"true\">O<a href=\"https:\/\/www.portugal.gov.pt\/pt\/gc21\/area-de-governo\/ambiente\/secretarios-de-estado?date=2018-10-17&amp;i=energia\"> secret\u00e1rio de Estado da Energia, Jo\u00e3o Galamba<\/a> anunciou hoje que haver\u00e1 medidas para mitigar a subida dos combust\u00edveis, que na pr\u00f3xima semana ser\u00e1 de<strong> 14 e oito c\u00eantimos\/litro no gas\u00f3leo e na gasolina<\/strong>, mas considerou \u201cimposs\u00edvel\u201d anul\u00e1-los.<\/p>\n<blockquote>\n<p class=\"text-paragraph\" data-uw-styling-context=\"true\">\u201cHaver\u00e1 medidas para mitigar o impacto da subida dos combust\u00edveis, agora temos de ter uma coisa presente, que \u00e9, uma crise desta magnitude em todas as \u00e1reas dos combust\u00edveis, obviamente n\u00e3o d\u00e1 liberdade total ao Governo para anular o efeito negativo de uma crise\u201d, disse Jo\u00e3o Galamba aos jornalistas, \u00e0 margem de uma confer\u00eancia promovida pelo jornal \u2018online\u2019 ECO sobre \u201cA guerra na Europa e o choque energ\u00e9tico\u201d, onde tomou conhecimento da subida prevista nos pre\u00e7os dos combust\u00edveis na pr\u00f3xima semana.<\/p>\n<\/blockquote>\n<p class=\"text-paragraph\" data-uw-styling-context=\"true\">O governante sublinhou que se trata de \u201cminimiza\u00e7\u00f5es, mitiga\u00e7\u00f5es e escolha de setores priorit\u00e1rios que devem ser protegidos\u201d, considerando ser \u201cimposs\u00edvel\u201d anular os efeitos da crise energ\u00e9tica motivada pela pandemia, pela seca e pela invas\u00e3o russa da Ucr\u00e2nia.<\/p>\n<p class=\"text-paragraph\" data-uw-styling-context=\"true\">\u201c\u00c9 imposs\u00edvel, a crise existe e vai ter impactos, portanto n\u00e3o \u00e9 poss\u00edvel eliminar esses impactos, podemos mitig\u00e1-los\u201d, sublinhou o secret\u00e1rio de Estado.<\/p>\n<p class=\"text-paragraph\" data-uw-styling-context=\"true\">Jo\u00e3o Galamba referiu que est\u00e3o em an\u00e1lise medidas novas e um eventual refor\u00e7o das que j\u00e1 tinham sido tomadas, como o AutoVoucher, estando, para isso, a ser levadas a cabo conversas com o Minist\u00e9rio da Economia e o das Finan\u00e7as.<\/p>\n<p class=\"text-paragraph\" data-uw-styling-context=\"true\">Questionado sobre um al\u00edvio do peso dos impostos sobre os combust\u00edveis, que ronda os 60% do pre\u00e7o final, Jo\u00e3o Galamba apontou que \u201co Governo n\u00e3o se apropria dos impostos para si e dos impostos sobre os combust\u00edveis\u201d e que \u201celes existem para financiar importantes despesas de que beneficiam todos os portugueses\u201d, como, por exemplo, escolas e hospitais.<\/p>\n<p class=\"text-paragraph\" data-uw-styling-context=\"true\">Os pre\u00e7os do gas\u00f3leo e da gasolina v\u00e3o disparar na pr\u00f3xima semana, com subidas superiores a 14 e oito c\u00eantimos por litro, respetivamente, acompanhando a subida das cota\u00e7\u00f5es dos produtos petrol\u00edferos nos mercados internacionais, segundo fontes do setor.<\/p>\n<p class=\"text-paragraph\" data-uw-styling-context=\"true\">De acordo com os pre\u00e7os de refer\u00eancia da Entidade Nacional para o Mercado Energ\u00e9tico (Ense), o pre\u00e7o m\u00e9dio do gas\u00f3leo simples \u00e9 hoje de 1,754 euros por litro e dever\u00e1 a partir de segunda-feira chegar perto dos 1,90 euros por litro nos postos de abastecimento em Portugal, enquanto o pre\u00e7o m\u00e9dio da gasolina 95 &#8211; atualmente em 1,795 euros por litro &#8211; atingir\u00e1 os 1,88 euros por litro.<\/p>\n<p class=\"text-paragraph\" data-uw-styling-context=\"true\">Assim, na pr\u00f3xima semana, o pre\u00e7o m\u00e9dio do gas\u00f3leo dever\u00e1 ultrapassar o da gasolina.<\/p>\n","protected":false},"excerpt":{"rendered":"<p>O secret\u00e1rio de Estado da Energia, Jo\u00e3o Galamba anunciou hoje que haver\u00e1 medidas para mitigar a subida dos combust\u00edveis, que na pr\u00f3xima semana ser\u00e1 de 14 e oito c\u00eantimos\/litro no gas\u00f3leo e na gasolina, mas considerou \u201cimposs\u00edvel\u201d anul\u00e1-los<\/p>\n","protected":false},"author":1,"featured_media":224525,"comment_status":"open","ping_status":"open","sticky":false,"template":"","format":"standard","meta":{"_acf_changed":false,"footnotes":""},"categories":[31,33],"tags":[6325,7478,799],"class_list":["post-233331","post","type-post","status-publish","format-standard","has-post-thumbnail","hentry","category-geral","category-nacional","tag-combustiveis","tag-crise","tag-energia"],"acf":[],"_links":{"self":[{"href":"https:\/\/critecnow.com\/diariobeiras\/wp-json\/wp\/v2\/posts\/233331","targetHints":{"allow":["GET"]}}],"collection":[{"href":"https:\/\/critecnow.com\/diariobeiras\/wp-json\/wp\/v2\/posts"}],"about":[{"href":"https:\/\/critecnow.com\/diariobeiras\/wp-json\/wp\/v2\/types\/post"}],"author":[{"embeddable":true,"href":"https:\/\/critecnow.com\/diariobeiras\/wp-json\/wp\/v2\/users\/1"}],"replies":[{"embeddable":true,"href":"https:\/\/critecnow.com\/diariobeiras\/wp-json\/wp\/v2\/comments?post=233331"}],"version-history":[{"count":0,"href":"https:\/\/critecnow.com\/diariobeiras\/wp-json\/wp\/v2\/posts\/233331\/revisions"}],"wp:attachment":[{"href":"https:\/\/critecnow.com\/diariobeiras\/wp-json\/wp\/v2\/media?parent=233331"}],"wp:term":[{"taxonomy":"category","embeddable":true,"href":"https:\/\/critecnow.com\/diariobeiras\/wp-json\/wp\/v2\/categories?post=233331"},{"taxonomy":"post_tag","embeddable":true,"href":"https:\/\/critecnow.com\/diariobeiras\/wp-json\/wp\/v2\/tags?post=233331"}],"curies":[{"name":"wp","href":"https:\/\/api.w.org\/{rel}","templated":true}]}}