{"id":233967,"date":"2022-03-13T13:19:44","date_gmt":"2022-03-13T13:19:44","guid":{"rendered":"https:\/\/www.asbeiras.pt\/?p=233967"},"modified":"2022-03-13T13:19:44","modified_gmt":"2022-03-13T13:19:44","slug":"tres-mortos-e-dois-feridos-graves-em-acidente-no-ic2-em-rio-maior","status":"publish","type":"post","link":"https:\/\/critecnow.com\/diariobeiras\/tres-mortos-e-dois-feridos-graves-em-acidente-no-ic2-em-rio-maior\/","title":{"rendered":"Tr\u00eas mortos e dois feridos graves em acidente no IC2 em Rio Maior"},"content":{"rendered":"<p data-uw-styling-context=\"true\"><a href=\"https:\/\/www.asbeiras.pt\/2022\/03\/tres-mortos-e-dois-feridos-graves-em-acidente-no-ic2-em-rio-maior\/acidente-rio-maior-2\/\" rel=\"attachment wp-att-233969\"><img loading=\"lazy\" decoding=\"async\" class=\"aligncenter size-full wp-image-233969\" src=\"https:\/\/www.asbeiras.pt\/wp-content\/uploads\/2022\/03\/acidente-Rio-Maior-1.jpg\" alt=\"\" width=\"1200\" height=\"628\" \/><\/a><\/p>\n<p style=\"text-align: center;\" data-uw-styling-context=\"true\">FOTO: Vigilantes da Estrada<\/p>\n<p data-uw-styling-context=\"true\">Uma colis\u00e3o entre dois ve\u00edculos ligeiros fez tr\u00eas mortos e dois feridos graves &#8211; ao fim da manh\u00e3 de hoje, domingo &#8211; no Itiner\u00e1rio Complementar (IC) 2, em Rio Maior, que se encontra com o tr\u00e2nsito interrompido, disse fonte do Centro Distrital de Opera\u00e7\u00f5es de Socorro (CDOS) de Santar\u00e9m.<\/p>\n<p class=\"text-paragraph\" data-uw-styling-context=\"true\">Da colis\u00e3o, resultaram tr\u00eas mortos, que eram ocupantes de uma das viaturas que, ap\u00f3s o embate, acabou por capotar para uma ravina de tr\u00eas a quatro metros de altura, disse a mesma fonte do CDOS. Na outra viatura, os dois ocupantes ficaram feridos com gravidade, socorridos no local e transportados para o hospital.<\/p>\n<p class=\"text-paragraph\" data-uw-styling-context=\"true\">As cinco v\u00edtimas ficaram encarceradas nos ve\u00edculos, obrigando os bombeiros a trabalhos de desencarceramento. O alerta para o acidente foi dado pelas 11H30, com a mobiliza\u00e7\u00e3o de 31 operacionais e 13 viaturas, entre os quais as viaturas m\u00e9dicas de emerg\u00eancia e reanima\u00e7\u00e3o de Santar\u00e9m e de Vila Franca de Xira e meios de socorro dos bombeiros de Rio Maior, Alcoentre, Alcanede e Benedita. O acidente aconteceu perto do n\u00f3 da Asseiceira, ao quil\u00f3metro 67 do IC2, no concelho de Rio Maior e no distrito de Santar\u00e9m.<\/p>\n","protected":false},"excerpt":{"rendered":"<p>Brutal colis\u00e3o entre dois autom\u00f3veis<\/p>\n","protected":false},"author":1,"featured_media":233969,"comment_status":"open","ping_status":"open","sticky":false,"template":"","format":"standard","meta":{"_acf_changed":false,"footnotes":""},"categories":[379,31],"tags":[365,7589,820],"class_list":["post-233967","post","type-post","status-publish","format-standard","has-post-thumbnail","hentry","category-destaque","category-geral","tag-acidente","tag-rio-maior","tag-sinistralidade"],"acf":[],"_links":{"self":[{"href":"https:\/\/critecnow.com\/diariobeiras\/wp-json\/wp\/v2\/posts\/233967","targetHints":{"allow":["GET"]}}],"collection":[{"href":"https:\/\/critecnow.com\/diariobeiras\/wp-json\/wp\/v2\/posts"}],"about":[{"href":"https:\/\/critecnow.com\/diariobeiras\/wp-json\/wp\/v2\/types\/post"}],"author":[{"embeddable":true,"href":"https:\/\/critecnow.com\/diariobeiras\/wp-json\/wp\/v2\/users\/1"}],"replies":[{"embeddable":true,"href":"https:\/\/critecnow.com\/diariobeiras\/wp-json\/wp\/v2\/comments?post=233967"}],"version-history":[{"count":0,"href":"https:\/\/critecnow.com\/diariobeiras\/wp-json\/wp\/v2\/posts\/233967\/revisions"}],"wp:attachment":[{"href":"https:\/\/critecnow.com\/diariobeiras\/wp-json\/wp\/v2\/media?parent=233967"}],"wp:term":[{"taxonomy":"category","embeddable":true,"href":"https:\/\/critecnow.com\/diariobeiras\/wp-json\/wp\/v2\/categories?post=233967"},{"taxonomy":"post_tag","embeddable":true,"href":"https:\/\/critecnow.com\/diariobeiras\/wp-json\/wp\/v2\/tags?post=233967"}],"curies":[{"name":"wp","href":"https:\/\/api.w.org\/{rel}","templated":true}]}}