{"id":234047,"date":"2022-03-14T14:32:44","date_gmt":"2022-03-14T14:32:44","guid":{"rendered":"https:\/\/www.asbeiras.pt\/?p=234047"},"modified":"2022-03-14T14:32:44","modified_gmt":"2022-03-14T14:32:44","slug":"empresarios-de-coimbra-alertam-para-custos-incomportaveis-de-gas-e-combustiveis","status":"publish","type":"post","link":"https:\/\/critecnow.com\/diariobeiras\/empresarios-de-coimbra-alertam-para-custos-incomportaveis-de-gas-e-combustiveis\/","title":{"rendered":"Empres\u00e1rios de Coimbra alertam para custos &#8220;incomport\u00e1veis&#8221; de g\u00e1s e combust\u00edveis"},"content":{"rendered":"<div id=\"attachment_224525\" style=\"width: 1210px\" class=\"wp-caption alignnone\"><a href=\"https:\/\/www.asbeiras.pt\/wp-content\/uploads\/2021\/10\/20-combustiveis-1.jpg\"><img loading=\"lazy\" decoding=\"async\" aria-describedby=\"caption-attachment-224525\" class=\"size-full wp-image-224525\" src=\"https:\/\/www.asbeiras.pt\/wp-content\/uploads\/2021\/10\/20-combustiveis-1.jpg\" alt=\"\" width=\"1200\" height=\"628\" \/><\/a><p id=\"caption-attachment-224525\" class=\"wp-caption-text\">Foto DR<\/p><\/div>\n<p data-uw-styling-context=\"true\">A Associa\u00e7\u00e3o Empresarial da Regi\u00e3o de Coimbra (<a href=\"http:\/\/nerc.pt\/portal\/\">NERC<\/a>) alertou hoje para os aumentos \u201cincomport\u00e1veis\u201d dos custos da energia el\u00e9trica, g\u00e1s e combust\u00edveis e apela ao Governo para adotar medidas de emerg\u00eancia.<\/p>\n<p class=\"text-paragraph\" data-uw-styling-context=\"true\">Em comunicado, a NERC <strong>adverte as empresas para os aumentos do pre\u00e7o da eletricidade e aconselha-as a \u201cprocurar solu\u00e7\u00f5es de renegocia\u00e7\u00e3o dos contratos,<\/strong> que permitam minimizar este impacto na sua atividade, bem como a mobilizarem-se para a luta pelo n\u00e3o aumento de pre\u00e7os\u201d.<\/p>\n<p class=\"text-paragraph\" data-uw-styling-context=\"true\">O Governo deve \u201crecorrer a baixa de impostos e apoio \u00e0s empresas atrav\u00e9s de programas de emerg\u00eancia, sob pena de vermos muitas empresas fecharem a curto prazo\u201d, defendeu.<\/p>\n<p class=\"text-paragraph\" data-uw-styling-context=\"true\">A NERC constata que \u201capesar da \u201cdita\u201d liberaliza\u00e7\u00e3o do setor ter sido feita com a \u201cpromessa\u201d de vir baixar os custos da energia el\u00e9trica, tal n\u00e3o se tem verificado, pelo contr\u00e1rio\u201d.<\/p>\n<p class=\"text-paragraph\" data-uw-styling-context=\"true\">A associa\u00e7\u00e3o sublinha que estes aumentos provocam uma \u201cforte instabilidade empresarial\u201d, designadamente dos m\u00e9dios consumidores de energia, que \u201ct\u00eam grande import\u00e2ncia na cria\u00e7\u00e3o e manuten\u00e7\u00e3o de emprego\u201d, assim como se verifica no aumento dos custos dos combust\u00edveis e do g\u00e1s natural, motivados pela guerra, que afetam os particulares (trabalhadores) e as empresas.<\/p>\n<p class=\"text-paragraph\" data-uw-styling-context=\"true\">Para a NERC, o Governo deve avaliar a pol\u00edtica energ\u00e9tica e tomar medidas que assegurem pre\u00e7os mais aceit\u00e1veis e est\u00e1veis para os consumidores nacionais, sobretudo para os empresariais.<\/p>\n<p class=\"text-paragraph\" data-uw-styling-context=\"true\">A associa\u00e7\u00e3o empresarial refere ainda que existem fatores que contribuem para formar o pre\u00e7o da energia, desde os impostos diretos e indiretos, que \u201cpodem ser alvo de um olhar mais atento do Governo, assim se queira garantir a competitividade das empresas\u201d.<\/p>\n<p class=\"text-paragraph\" data-uw-styling-context=\"true\">Al\u00e9m da redu\u00e7\u00e3o de impostos, a NERC defende uma mobiliza\u00e7\u00e3o de linhas de cr\u00e9dito, para as pequenas e m\u00e9dias empresas, a implementa\u00e7\u00e3o do \u2018layoff\u2019 simplificado nas empresas e ainda o apoio especial aos trabalhadores que, por motivos de contrato de trabalho, t\u00eam de se deslocar v\u00e1rios quil\u00f3metros diariamente para a sedes das empresas.<\/p>\n<p class=\"text-paragraph\" data-uw-styling-context=\"true\">\u201cDeve ser lan\u00e7ado um apoio adicional para aqueles que n\u00e3o tendo possibilidades para isso e para n\u00e3o aumentar o absentismo nas empresas deve ser lan\u00e7ando o autovoucher-trabalho como apoio adicional para apoiar os trabalhadores na desloca\u00e7\u00e3o para o trabalho\u201d, concluiu.<\/p>\n","protected":false},"excerpt":{"rendered":"<p>A Associa\u00e7\u00e3o Empresarial da Regi\u00e3o de Coimbra (NERC) alertou hoje para os aumentos \u201cincomport\u00e1veis\u201d dos custos da energia el\u00e9trica, g\u00e1s e combust\u00edveis e apela ao Governo para adotar medidas de emerg\u00eancia.<\/p>\n","protected":false},"author":1,"featured_media":224525,"comment_status":"open","ping_status":"open","sticky":false,"template":"","format":"standard","meta":{"_acf_changed":false,"footnotes":""},"categories":[39,31],"tags":[40,6325,7598],"class_list":["post-234047","post","type-post","status-publish","format-standard","has-post-thumbnail","hentry","category-coimbra-2","category-geral","tag-coimbra","tag-combustiveis","tag-energia-eletrica"],"acf":[],"_links":{"self":[{"href":"https:\/\/critecnow.com\/diariobeiras\/wp-json\/wp\/v2\/posts\/234047","targetHints":{"allow":["GET"]}}],"collection":[{"href":"https:\/\/critecnow.com\/diariobeiras\/wp-json\/wp\/v2\/posts"}],"about":[{"href":"https:\/\/critecnow.com\/diariobeiras\/wp-json\/wp\/v2\/types\/post"}],"author":[{"embeddable":true,"href":"https:\/\/critecnow.com\/diariobeiras\/wp-json\/wp\/v2\/users\/1"}],"replies":[{"embeddable":true,"href":"https:\/\/critecnow.com\/diariobeiras\/wp-json\/wp\/v2\/comments?post=234047"}],"version-history":[{"count":0,"href":"https:\/\/critecnow.com\/diariobeiras\/wp-json\/wp\/v2\/posts\/234047\/revisions"}],"wp:attachment":[{"href":"https:\/\/critecnow.com\/diariobeiras\/wp-json\/wp\/v2\/media?parent=234047"}],"wp:term":[{"taxonomy":"category","embeddable":true,"href":"https:\/\/critecnow.com\/diariobeiras\/wp-json\/wp\/v2\/categories?post=234047"},{"taxonomy":"post_tag","embeddable":true,"href":"https:\/\/critecnow.com\/diariobeiras\/wp-json\/wp\/v2\/tags?post=234047"}],"curies":[{"name":"wp","href":"https:\/\/api.w.org\/{rel}","templated":true}]}}