{"id":234054,"date":"2022-03-14T15:30:01","date_gmt":"2022-03-14T15:30:01","guid":{"rendered":"https:\/\/www.asbeiras.pt\/?p=234054"},"modified":"2022-03-14T15:30:01","modified_gmt":"2022-03-14T15:30:01","slug":"guarda-homem-detido-por-cacar-com-meios-proibidos","status":"publish","type":"post","link":"https:\/\/critecnow.com\/diariobeiras\/guarda-homem-detido-por-cacar-com-meios-proibidos\/","title":{"rendered":"Guarda: Homem detido por ca\u00e7ar com meios proibidos"},"content":{"rendered":"<div id=\"attachment_234055\" style=\"width: 1210px\" class=\"wp-caption alignnone\"><a href=\"https:\/\/www.asbeiras.pt\/wp-content\/uploads\/2022\/03\/caca.jpg\"><img loading=\"lazy\" decoding=\"async\" aria-describedby=\"caption-attachment-234055\" class=\"size-full wp-image-234055\" src=\"https:\/\/www.asbeiras.pt\/wp-content\/uploads\/2022\/03\/caca.jpg\" alt=\"\" width=\"1200\" height=\"628\" \/><\/a><p id=\"caption-attachment-234055\" class=\"wp-caption-text\">FOTO: GNR<\/p><\/div>\n<p class=\"text-paragraph\" data-uw-styling-context=\"true\">O N\u00facleo de Prote\u00e7\u00e3o Ambiental (NPA) do <a href=\"https:\/\/www.gnr.pt\/ultimahora.aspx?linha=18984\">Comando Territorial da GNR da Guarda<\/a> deteve um homem de 50 anos por ca\u00e7a com meios n\u00e3o permitidos, no concelho da Guarda.<\/p>\n<p class=\"text-paragraph\" data-uw-styling-context=\"true\">Segundo a GNR, no s\u00e1bado, no decorrer de uma a\u00e7\u00e3o de fiscaliza\u00e7\u00e3o ao exerc\u00edcio do ato venat\u00f3rio, os elementos do NPA \u201cdetetaram que o suspeito fazia o uso das armadilhas, vulgarmente denominadas por la\u00e7os, com o intuito de captar esp\u00e9cies de ca\u00e7a maior, nomeadamente javalis, tendo sido apreendidos cinco cabos de a\u00e7o\u201d.<\/p>\n<p class=\"text-paragraph\" data-uw-styling-context=\"true\">O detido foi constitu\u00eddo arguido e os factos foram comunicados ao Tribunal Judicial da Guarda.<\/p>\n","protected":false},"excerpt":{"rendered":"<p>O N\u00facleo de Prote\u00e7\u00e3o Ambiental (NPA) do Comando Territorial da GNR da Guarda deteve um homem de 50 anos por ca\u00e7a com meios n\u00e3o permitidos, no concelho da Guarda.<\/p>\n","protected":false},"author":1,"featured_media":234055,"comment_status":"open","ping_status":"open","sticky":false,"template":"","format":"standard","meta":{"_acf_changed":false,"footnotes":""},"categories":[31,876],"tags":[1423,3743],"class_list":["post-234054","post","type-post","status-publish","format-standard","has-post-thumbnail","hentry","category-geral","category-guarda","tag-gnr","tag-guarda"],"acf":[],"_links":{"self":[{"href":"https:\/\/critecnow.com\/diariobeiras\/wp-json\/wp\/v2\/posts\/234054","targetHints":{"allow":["GET"]}}],"collection":[{"href":"https:\/\/critecnow.com\/diariobeiras\/wp-json\/wp\/v2\/posts"}],"about":[{"href":"https:\/\/critecnow.com\/diariobeiras\/wp-json\/wp\/v2\/types\/post"}],"author":[{"embeddable":true,"href":"https:\/\/critecnow.com\/diariobeiras\/wp-json\/wp\/v2\/users\/1"}],"replies":[{"embeddable":true,"href":"https:\/\/critecnow.com\/diariobeiras\/wp-json\/wp\/v2\/comments?post=234054"}],"version-history":[{"count":0,"href":"https:\/\/critecnow.com\/diariobeiras\/wp-json\/wp\/v2\/posts\/234054\/revisions"}],"wp:attachment":[{"href":"https:\/\/critecnow.com\/diariobeiras\/wp-json\/wp\/v2\/media?parent=234054"}],"wp:term":[{"taxonomy":"category","embeddable":true,"href":"https:\/\/critecnow.com\/diariobeiras\/wp-json\/wp\/v2\/categories?post=234054"},{"taxonomy":"post_tag","embeddable":true,"href":"https:\/\/critecnow.com\/diariobeiras\/wp-json\/wp\/v2\/tags?post=234054"}],"curies":[{"name":"wp","href":"https:\/\/api.w.org\/{rel}","templated":true}]}}