{"id":234594,"date":"2022-03-22T10:22:05","date_gmt":"2022-03-22T10:22:05","guid":{"rendered":"https:\/\/www.asbeiras.pt\/?p=234594"},"modified":"2022-03-22T10:22:05","modified_gmt":"2022-03-22T10:22:05","slug":"coimbra-restauracao-do-mercado-abre-ao-publico-mas-espera-por-clientes","status":"publish","type":"post","link":"https:\/\/critecnow.com\/diariobeiras\/coimbra-restauracao-do-mercado-abre-ao-publico-mas-espera-por-clientes\/","title":{"rendered":"Coimbra: Restaura\u00e7\u00e3o do mercado abre ao p\u00fablico mas espera por clientes"},"content":{"rendered":"<p><a href=\"https:\/\/www.asbeiras.pt\/wp-content\/uploads\/2022\/03\/04-restauracao-do-Mercado-Coimbra-MA.jpg\"><img loading=\"lazy\" decoding=\"async\" class=\"alignnone size-full wp-image-234595\" src=\"https:\/\/www.asbeiras.pt\/wp-content\/uploads\/2022\/03\/04-restauracao-do-Mercado-Coimbra-MA.jpg\" alt=\"\" width=\"1200\" height=\"628\" \/><\/a><\/p>\n<p>A pra\u00e7a da restaura\u00e7\u00e3o do Mercado Municipal D. Pedro V abriu ontem com uma imagem renovada e 12 estabelecimentos novos.<\/p>\n<p>Na abertura s\u00f3 faltaram as pessoas.<\/p>\n<p>Apesar de os comerciantes dizerem que viram mais movimento que o normal, o mercado continuou com pouca aflu\u00eancia, num dia j\u00e1 tradicionalmente fraco.<\/p>\n<p><strong>(Ler reportagem completa na edi\u00e7\u00e3o impressa do DI\u00c1RIO AS BEIRAS em 22\/03\/2022)<\/strong><\/p>\n","protected":false},"excerpt":{"rendered":"<p>Na abertura s\u00f3 faltaram as pessoas.<\/p>\n","protected":false},"author":1,"featured_media":234595,"comment_status":"open","ping_status":"open","sticky":false,"template":"","format":"standard","meta":{"_acf_changed":false,"footnotes":""},"categories":[39,31],"tags":[40,4098],"class_list":["post-234594","post","type-post","status-publish","format-standard","has-post-thumbnail","hentry","category-coimbra-2","category-geral","tag-coimbra","tag-mercado"],"acf":[],"_links":{"self":[{"href":"https:\/\/critecnow.com\/diariobeiras\/wp-json\/wp\/v2\/posts\/234594","targetHints":{"allow":["GET"]}}],"collection":[{"href":"https:\/\/critecnow.com\/diariobeiras\/wp-json\/wp\/v2\/posts"}],"about":[{"href":"https:\/\/critecnow.com\/diariobeiras\/wp-json\/wp\/v2\/types\/post"}],"author":[{"embeddable":true,"href":"https:\/\/critecnow.com\/diariobeiras\/wp-json\/wp\/v2\/users\/1"}],"replies":[{"embeddable":true,"href":"https:\/\/critecnow.com\/diariobeiras\/wp-json\/wp\/v2\/comments?post=234594"}],"version-history":[{"count":0,"href":"https:\/\/critecnow.com\/diariobeiras\/wp-json\/wp\/v2\/posts\/234594\/revisions"}],"wp:attachment":[{"href":"https:\/\/critecnow.com\/diariobeiras\/wp-json\/wp\/v2\/media?parent=234594"}],"wp:term":[{"taxonomy":"category","embeddable":true,"href":"https:\/\/critecnow.com\/diariobeiras\/wp-json\/wp\/v2\/categories?post=234594"},{"taxonomy":"post_tag","embeddable":true,"href":"https:\/\/critecnow.com\/diariobeiras\/wp-json\/wp\/v2\/tags?post=234594"}],"curies":[{"name":"wp","href":"https:\/\/api.w.org\/{rel}","templated":true}]}}