{"id":234700,"date":"2022-03-23T10:47:12","date_gmt":"2022-03-23T10:47:12","guid":{"rendered":"https:\/\/www.asbeiras.pt\/?p=234700"},"modified":"2022-03-23T10:47:12","modified_gmt":"2022-03-23T10:47:12","slug":"preco-da-energia-preocupa-cidades-e-vilas-de-ceramica","status":"publish","type":"post","link":"https:\/\/critecnow.com\/diariobeiras\/preco-da-energia-preocupa-cidades-e-vilas-de-ceramica\/","title":{"rendered":"Pre\u00e7o da energia preocupa \u201cCidades e Vilas de Cer\u00e2mica\u201d"},"content":{"rendered":"<div id=\"attachment_234702\" style=\"width: 1210px\" class=\"wp-caption alignnone\"><a href=\"https:\/\/www.asbeiras.pt\/wp-content\/uploads\/2022\/03\/11-poiares.jpg\"><img loading=\"lazy\" decoding=\"async\" aria-describedby=\"caption-attachment-234702\" class=\"size-full wp-image-234702\" src=\"https:\/\/www.asbeiras.pt\/wp-content\/uploads\/2022\/03\/11-poiares.jpg\" alt=\"\" width=\"1200\" height=\"628\" \/><\/a><p id=\"caption-attachment-234702\" class=\"wp-caption-text\">Autarcas de munic\u00edpios que albergam setor da cer\u00e2mica reuniram-se no fim da semana<\/p><\/div>\n<p>A ind\u00fastria cer\u00e2mica \u00e9 das mais fetadas pela atual situa\u00e7\u00e3o de aumento do pre\u00e7o energia, designadamente do g\u00e1s natural, situa\u00e7\u00e3o que preocupa a Associa\u00e7\u00e3o Portuguesa de Cidades e Vilas de Cer\u00e2mica (APTCVC), cuja assembleia geral decorreu em Vila Nova de Poiares.<\/p>\n<p>A organiza\u00e7\u00e3o que re\u00fane autarquias de cer\u00e2mica tradicional \u2013 como \u00e9 o caso da vila anfitri\u00e3 do encontro (barro pretode Olho Marinho) \u2013 mas tamb\u00e9m munic\u00edpios de ind\u00fastria pesada, como Oliveira do Bairro, Alcoba\u00e7a e Caldas da Rainha, registou, durante o \u00faltimo fim de semana, as dificuldades que afetam este setor devido \u00e0 \u201ccrise energ\u00e9tica agravada pela guerra na Ucr\u00e2nia\u201d.<\/p>\n<p><strong>(Ler reportagem completa na edi\u00e7\u00e3o impressa do DI\u00c1RIO AS BEIRAS em 23\/03\/2022)<\/strong><\/p>\n","protected":false},"excerpt":{"rendered":"<p>A ind\u00fastria cer\u00e2mica \u00e9 das mais fetadas pela atual situa\u00e7\u00e3o de aumento do pre\u00e7o energia<\/p>\n","protected":false},"author":1,"featured_media":234702,"comment_status":"open","ping_status":"open","sticky":false,"template":"","format":"standard","meta":{"_acf_changed":false,"footnotes":""},"categories":[31,124],"tags":[799,6433],"class_list":["post-234700","post","type-post","status-publish","format-standard","has-post-thumbnail","hentry","category-geral","category-vila-nova-de-poiares-2","tag-energia","tag-preco"],"acf":[],"_links":{"self":[{"href":"https:\/\/critecnow.com\/diariobeiras\/wp-json\/wp\/v2\/posts\/234700","targetHints":{"allow":["GET"]}}],"collection":[{"href":"https:\/\/critecnow.com\/diariobeiras\/wp-json\/wp\/v2\/posts"}],"about":[{"href":"https:\/\/critecnow.com\/diariobeiras\/wp-json\/wp\/v2\/types\/post"}],"author":[{"embeddable":true,"href":"https:\/\/critecnow.com\/diariobeiras\/wp-json\/wp\/v2\/users\/1"}],"replies":[{"embeddable":true,"href":"https:\/\/critecnow.com\/diariobeiras\/wp-json\/wp\/v2\/comments?post=234700"}],"version-history":[{"count":0,"href":"https:\/\/critecnow.com\/diariobeiras\/wp-json\/wp\/v2\/posts\/234700\/revisions"}],"wp:attachment":[{"href":"https:\/\/critecnow.com\/diariobeiras\/wp-json\/wp\/v2\/media?parent=234700"}],"wp:term":[{"taxonomy":"category","embeddable":true,"href":"https:\/\/critecnow.com\/diariobeiras\/wp-json\/wp\/v2\/categories?post=234700"},{"taxonomy":"post_tag","embeddable":true,"href":"https:\/\/critecnow.com\/diariobeiras\/wp-json\/wp\/v2\/tags?post=234700"}],"curies":[{"name":"wp","href":"https:\/\/api.w.org\/{rel}","templated":true}]}}