{"id":234965,"date":"2022-03-28T14:49:28","date_gmt":"2022-03-28T14:49:28","guid":{"rendered":"https:\/\/www.asbeiras.pt\/?p=234965"},"modified":"2022-03-28T14:49:28","modified_gmt":"2022-03-28T14:49:28","slug":"mundial2022-fernando-santos-pede-entrega-e-espirito-de-sacrificio-na-final","status":"publish","type":"post","link":"https:\/\/critecnow.com\/diariobeiras\/mundial2022-fernando-santos-pede-entrega-e-espirito-de-sacrificio-na-final\/","title":{"rendered":"Mundial2022: Fernando Santos pede entrega e esp\u00edrito de sacrif\u00edcio na final"},"content":{"rendered":"<div id=\"attachment_234966\" style=\"width: 1210px\" class=\"wp-caption aligncenter\"><a href=\"https:\/\/www.asbeiras.pt\/wp-content\/uploads\/2022\/03\/fernando-santos-foto-fpf.jpg\"><img loading=\"lazy\" decoding=\"async\" aria-describedby=\"caption-attachment-234966\" class=\"size-full wp-image-234966\" src=\"https:\/\/www.asbeiras.pt\/wp-content\/uploads\/2022\/03\/fernando-santos-foto-fpf.jpg\" alt=\"\" width=\"1200\" height=\"628\" \/><\/a><p id=\"caption-attachment-234966\" class=\"wp-caption-text\">Arquivo-FPF<\/p><\/div>\n<p data-uw-styling-context=\"true\">O selecionador Fernando Santos considerou hoje que Portugal tem de entregar-se ao m\u00e1ximo e ter esp\u00edrito de sacr\u00edfico, na ter\u00e7a-feira, para ultrapassar a Maced\u00f3nia do Norte e garantir o \u2018passaporte\u2019 para o Mundial2022 de futebol.<\/p>\n<p class=\"text-paragraph\" data-uw-styling-context=\"true\">\u201cConhecemos bem [a Maced\u00f3nia do Norte], sabemos o que fazem e estamos preparados para isso. Temos de responder \u00e0 altura, \u00e9 um jogo de vida ou de morte. Temos de responder com entrega, vontade e esp\u00edrito de sacrif\u00edcio. Se fizermos isso, estamos mais perto de ganhar. Eu acredito que sim, vamos estar no Qatar\u201d, observou Fernando Santos, durante a confer\u00eancia de imprensa de antevis\u00e3o ao embate decisivo.<\/p>\n<p class=\"text-paragraph\" data-uw-styling-context=\"true\">No encontro da final do caminho C dos \u2018play-offs\u2019 de acesso \u00e0 fase final do torneio, que vai disputar-se no inverno deste ano no Qatar, a equipa das \u2018quinas\u2019 tem de olhar para a sele\u00e7\u00e3o comandada por Blagoja Milevski por \u201caquilo que vale no seu todo\u201d e, assim, evitar qualquer tipo de dissabor, como aquele que aconteceu ante a S\u00e9rvia e que relegou Portugal para esta fase de apuramento.<\/p>\n<p class=\"text-paragraph\" data-uw-styling-context=\"true\">\u201cA press\u00e3o boa \u00e9 a de termos de estar no Qatar. Esta equipa [da Maced\u00f3nia da Norte] est\u00e1 aqui [nos play-offs] por m\u00e9rito pr\u00f3prio. Ganhou \u00e0 Alemanha [no apuramento] e, por isso, est\u00e1 aqui. Se n\u00e3o olharmos para Maced\u00f3nia [do Norte] por aquilo que vale no seu todo, claro que vamos correr riscos. Fizemo-lo com a Turquia e temos de repetir a dose\u201d, alertou.<\/p>\n<p class=\"text-paragraph\" data-uw-styling-context=\"true\">Para Fernando Santos, o feito conseguido pelos maced\u00f3nios ante a It\u00e1lia, que culminou com o afastamento dos transalpinos de um Mundial pela segunda vez seguida, n\u00e3o demonstrou exatamente aquilo que valem.<\/p>\n<p class=\"text-paragraph\" data-uw-styling-context=\"true\">\u201cOs jogadores j\u00e1 come\u00e7aram a ver a Maced\u00f3nia do Norte, como jogam, n\u00e3o s\u00f3 o \u00faltimo jogo. Mas o \u00faltimo jogo pode deixar uma marca que n\u00e3o \u00e9 verdadeira. Foi de sentido \u00fanico, mas \u00e9 uma equipa organizada defensivamente, sabe jogar em contra-ataque, mas n\u00e3o retratou aquilo que \u00e9 a Maced\u00f3nia do Norte\u201d, explicou.<\/p>\n<p class=\"text-paragraph\" data-uw-styling-context=\"true\">O t\u00e9cnico especificou, depois, as val\u00eancias do opoente, que tem como grande figura o m\u00e9dio Elif Elmas, dos italianos do N\u00e1poles: \u201cJogam em bloco baixo, provocam a sa\u00edda em contra-ataque, s\u00e3o bastantes fortes, com jogadores muito r\u00e1pidos, mas, quando t\u00eam bola, procuram sair a jogar.\u201d<\/p>\n<p class=\"text-paragraph\" data-uw-styling-context=\"true\">A sele\u00e7\u00e3o lusa est\u00e1 na final do caminho C dos \u2018play-offs\u2019, ap\u00f3s ter vencido por 3-1 a Turquia, com golos de Ot\u00e1vio, Diogo Jota e Matheus Nunes, na quinta-feira, dia em que a Maced\u00f3nia do Norte venceu em It\u00e1lia por 1-0, com um golo de Aleksandar Trajkovski (90+2 minutos), deixando os transalpinos fora do Mundial pela segunda vez seguida.<\/p>\n<p class=\"text-paragraph\" data-uw-styling-context=\"true\">Portugal procura a oitava presen\u00e7a em Mundiais, e sexta consecutiva, depois de 1966, 1986, 2002, 2006, 2010, 2014 e 2018, enquanto os maced\u00f3nios nunca participaram numa fase final de um Campeonato do Mundo.<\/p>\n<p class=\"text-paragraph\" data-uw-styling-context=\"true\">O encontro entre Portugal e a Maced\u00f3nia do Norte, da final do caminho C dos \u2018play-offs\u2019 europeus de acesso ao Mundial2022, realiza-se na ter\u00e7a-feira, no Est\u00e1dio do Drag\u00e3o, no Porto, a partir das 19:45, com arbitragem do ingl\u00eas Anthony Taylor.<\/p>\n","protected":false},"excerpt":{"rendered":"<p>\u201cConhecemos bem [a Maced\u00f3nia do Norte], sabemos o que fazem e estamos preparados para isso. Temos de responder \u00e0 altura, \u00e9 um jogo de vida ou de morte. Temos de responder com entrega, vontade e esp\u00edrito de sacrif\u00edcio. Se fizermos isso, estamos mais perto de ganhar. Eu acredito que sim, vamos estar no Qatar\u201d, observou Fernando Santos, durante a confer\u00eancia de imprensa de antevis\u00e3o ao embate decisivo<\/p>\n","protected":false},"author":1,"featured_media":234966,"comment_status":"open","ping_status":"open","sticky":false,"template":"","format":"standard","meta":{"_acf_changed":false,"footnotes":""},"categories":[4,31],"tags":[7635,326,7719,7720,469,593],"class_list":["post-234965","post","type-post","status-publish","format-standard","has-post-thumbnail","hentry","category-desporto","category-geral","tag-fernando-santos","tag-futebol","tag-mundial2022","tag-play-off","tag-portugal","tag-selecao"],"acf":[],"_links":{"self":[{"href":"https:\/\/critecnow.com\/diariobeiras\/wp-json\/wp\/v2\/posts\/234965","targetHints":{"allow":["GET"]}}],"collection":[{"href":"https:\/\/critecnow.com\/diariobeiras\/wp-json\/wp\/v2\/posts"}],"about":[{"href":"https:\/\/critecnow.com\/diariobeiras\/wp-json\/wp\/v2\/types\/post"}],"author":[{"embeddable":true,"href":"https:\/\/critecnow.com\/diariobeiras\/wp-json\/wp\/v2\/users\/1"}],"replies":[{"embeddable":true,"href":"https:\/\/critecnow.com\/diariobeiras\/wp-json\/wp\/v2\/comments?post=234965"}],"version-history":[{"count":0,"href":"https:\/\/critecnow.com\/diariobeiras\/wp-json\/wp\/v2\/posts\/234965\/revisions"}],"wp:attachment":[{"href":"https:\/\/critecnow.com\/diariobeiras\/wp-json\/wp\/v2\/media?parent=234965"}],"wp:term":[{"taxonomy":"category","embeddable":true,"href":"https:\/\/critecnow.com\/diariobeiras\/wp-json\/wp\/v2\/categories?post=234965"},{"taxonomy":"post_tag","embeddable":true,"href":"https:\/\/critecnow.com\/diariobeiras\/wp-json\/wp\/v2\/tags?post=234965"}],"curies":[{"name":"wp","href":"https:\/\/api.w.org\/{rel}","templated":true}]}}