{"id":235882,"date":"2022-04-08T11:07:55","date_gmt":"2022-04-08T10:07:55","guid":{"rendered":"https:\/\/www.asbeiras.pt\/?p=235882"},"modified":"2022-04-08T11:07:55","modified_gmt":"2022-04-08T10:07:55","slug":"judo-secretario-de-estado-visitou-atletas-em-cernache","status":"publish","type":"post","link":"https:\/\/critecnow.com\/diariobeiras\/judo-secretario-de-estado-visitou-atletas-em-cernache\/","title":{"rendered":"Judo: Secret\u00e1rio de Estado visitou atletas em Cernache"},"content":{"rendered":"<div id=\"attachment_235884\" style=\"width: 1210px\" class=\"wp-caption alignnone\"><a href=\"https:\/\/www.asbeiras.pt\/wp-content\/uploads\/2022\/04\/15-visita-secretario-de-estado-FP-JUDO.jpg\"><img loading=\"lazy\" decoding=\"async\" aria-describedby=\"caption-attachment-235884\" class=\"size-full wp-image-235884\" src=\"https:\/\/www.asbeiras.pt\/wp-content\/uploads\/2022\/04\/15-visita-secretario-de-estado-FP-JUDO.jpg\" alt=\"\" width=\"1200\" height=\"628\" \/><\/a><p id=\"caption-attachment-235884\" class=\"wp-caption-text\">Jo\u00e3o Paulo Correia assistiu ao treino em Cernache e almo\u00e7ou com a sele\u00e7\u00e3o nacional de judo<\/p><\/div>\n<p>O Pavilh\u00e3o do Col\u00e9gio da Imaculada Concei\u00e7\u00e3o, em Cernache, Coimbra, tem sido a \u201ccasa\u201d do judo nacional e ontem, durante o est\u00e1gio, recebeu uma visita especial.<\/p>\n<p>O novo secret\u00e1rio de Estado do Desporto e da Juventudes, Jo\u00e3o Paulo Correia, veio assistir ao vivo ao momento de prepara\u00e7\u00e3o dos judocas lusos, numa visita que serviu para motivar os atletas e demonstrar o apoio \u00e0 modalidade.<\/p>\n<p>\u201cO secret\u00e1rio de Estado veio at\u00e9 ao est\u00e1gio para nos conhecer e contactar com os atletas. Veio dar uma motiva\u00e7\u00e3o extra para as pr\u00f3ximas provas, nomeadamente para o Campeonato da Europa\u201d, revelou o presidente da Federa\u00e7\u00e3o Portuguesa de Judo (FPJ), Jorge Fernandes.<\/p>\n<p><strong>(Ler not\u00edcia completa na edi\u00e7\u00e3o impressa do DI\u00c1RIO AS BEIRAS em 08\/04\/2022)<\/strong><\/p>\n","protected":false},"excerpt":{"rendered":"<p>O novo secret\u00e1rio de Estado do Desporto e da Juventude, Jo\u00e3o Paulo Correia, esteve presente ontem no est\u00e1gio da Federa\u00e7\u00e3o Portuguesa de Judo, em Cernache. Primeira a\u00e7\u00e3o p\u00fablica do representante do Governo serviu para motivar os judocas<\/p>\n","protected":false},"author":1,"featured_media":235884,"comment_status":"open","ping_status":"open","sticky":false,"template":"","format":"standard","meta":{"_acf_changed":false,"footnotes":""},"categories":[4,31],"tags":[305,79],"class_list":["post-235882","post","type-post","status-publish","format-standard","has-post-thumbnail","hentry","category-desporto","category-geral","tag-cernache","tag-judo"],"acf":[],"_links":{"self":[{"href":"https:\/\/critecnow.com\/diariobeiras\/wp-json\/wp\/v2\/posts\/235882","targetHints":{"allow":["GET"]}}],"collection":[{"href":"https:\/\/critecnow.com\/diariobeiras\/wp-json\/wp\/v2\/posts"}],"about":[{"href":"https:\/\/critecnow.com\/diariobeiras\/wp-json\/wp\/v2\/types\/post"}],"author":[{"embeddable":true,"href":"https:\/\/critecnow.com\/diariobeiras\/wp-json\/wp\/v2\/users\/1"}],"replies":[{"embeddable":true,"href":"https:\/\/critecnow.com\/diariobeiras\/wp-json\/wp\/v2\/comments?post=235882"}],"version-history":[{"count":0,"href":"https:\/\/critecnow.com\/diariobeiras\/wp-json\/wp\/v2\/posts\/235882\/revisions"}],"wp:featuredmedia":[{"embeddable":true,"href":"https:\/\/critecnow.com\/diariobeiras\/wp-json\/"}],"wp:attachment":[{"href":"https:\/\/critecnow.com\/diariobeiras\/wp-json\/wp\/v2\/media?parent=235882"}],"wp:term":[{"taxonomy":"category","embeddable":true,"href":"https:\/\/critecnow.com\/diariobeiras\/wp-json\/wp\/v2\/categories?post=235882"},{"taxonomy":"post_tag","embeddable":true,"href":"https:\/\/critecnow.com\/diariobeiras\/wp-json\/wp\/v2\/tags?post=235882"}],"curies":[{"name":"wp","href":"https:\/\/api.w.org\/{rel}","templated":true}]}}