{"id":236113,"date":"2022-04-12T10:52:36","date_gmt":"2022-04-12T09:52:36","guid":{"rendered":"https:\/\/www.asbeiras.pt\/?p=236113"},"modified":"2022-04-12T10:52:36","modified_gmt":"2022-04-12T09:52:36","slug":"opiniao-o-inicio-dos-trabalhos-parlamentares","status":"publish","type":"post","link":"https:\/\/critecnow.com\/diariobeiras\/opiniao-o-inicio-dos-trabalhos-parlamentares\/","title":{"rendered":"Opini\u00e3o: &#8220;O in\u00edcio dos trabalhos parlamentares&#8221;"},"content":{"rendered":"<p><a href=\"https:\/\/www.asbeiras.pt\/wp-content\/uploads\/2020\/12\/pedro-coimbra.png\"><img loading=\"lazy\" decoding=\"async\" class=\"alignnone size-full wp-image-208304\" src=\"https:\/\/www.asbeiras.pt\/wp-content\/uploads\/2020\/12\/pedro-coimbra.png\" alt=\"\" width=\"1200\" height=\"628\" \/><\/a><\/p>\n<p>No in\u00edcio dos trabalhos parlamentares (finalmente!) os Deputados da Assembleia da Rep\u00fablica aprovaram o Programa do Governo e elegeram Augusto Santos Silva como Presidente da Assembleia da Rep\u00fablica (PAR), bem como os seus Vice-Presidentes.<br \/>\nDa aprova\u00e7\u00e3o (importante) do Programa do Governo pouco h\u00e1 a dizer. Porque, logicamente, este documento tem por base o programa com que o Partido Socialista se apresentou ao eleitorado com algumas atualiza\u00e7\u00f5es em fun\u00e7\u00e3o dos tempos que estamos a viver. Ou seja, j\u00e1 houve uma ampla discuss\u00e3o sobre o mesmo, bem como um sufr\u00e1gio popular que o legitimou.<br \/>\nAssim, opto por refletir sobre a elei\u00e7\u00e3o da Mesa da Assembleia da Rep\u00fablica.<br \/>\nTendo sido o \u00fanico candidato, Santos Silva (em quem votei, claro!) obteve um expressivo resultado, muito para al\u00e9m do n\u00famero de Deputados do PS, tornando-se a segunda figura do Estado.<br \/>\nCom uma experi\u00eancia governativa \u00fanica em Democracia, cerca de quinze anos em seis governos, o novo PAR foi Deputado, \u00e9 Professor Catedr\u00e1tico na Universidade do Porto e sempre teve interven\u00e7\u00e3o c\u00edvica. \u00c9 um homem culto e no plano pol\u00edtico-ideol\u00f3gico \u00e9 um \u201cmoderado\u201d.<br \/>\nTem, portanto, um percurso c\u00edvico, profissional e pol\u00edtico \u00edmpar a que se somam as suas caracter\u00edsticas e qualidades pessoais.<br \/>\nNo discurso que fez ap\u00f3s a sua elei\u00e7\u00e3o disse ao que vinha e o que pensa. E isso \u00e9 bom. Assumiu que seria o Presidente de todos cumprindo a Constitui\u00e7\u00e3o, mas, bem, assinalou que na mais importante \u201cCasa da Democracia\u201d n\u00e3o caber\u00e1 o discurso do insulto, do \u00f3dio e da discrimina\u00e7\u00e3o. Um excelente discurso e que j\u00e1 fez valer no debate sobre o Programa do Governo!<br \/>\nComo Vice-Presidentes foram eleitos, ambos tamb\u00e9m com o meu voto, Edite Estrela (PS) e Ad\u00e3o Silva (PSD). Normal, quer a sua elei\u00e7\u00e3o quer o meu voto! N\u00e3o foram eleitos Jo\u00e3o Cotrim de Figueiredo (IL) nem Diogo Pacheco de Amorim (Chega) e, numa segunda tentativa, tamb\u00e9m n\u00e3o foi eleito Gabriel Mith\u00e1 Ribeiro (Chega).<br \/>\nContudo, estes tr\u00eas \u00faltimos casos s\u00e3o diferentes. N\u00e3o votei em nenhum dos candidatos do Chega por muitas raz\u00f5es que s\u00e3o \u00f3bvias, mas que aqui n\u00e3o cabem todas. Talvez as possa sintetizar nas palavras de Santos Silva: n\u00e3o ao insulto, n\u00e3o ao \u00f3dio e n\u00e3o \u00e0 discrimina\u00e7\u00e3o. Por mim, estes tamb\u00e9m n\u00e3o passar\u00e3o!<br \/>\nO caso de Cotrim de Figueiredo \u00e9 diferente. Foi um bom Deputado na Legislatura anterior. Sou testemunha disso. \u00c9 um cidad\u00e3o respeit\u00e1vel, um advers\u00e1rio por quem tenho estima e considera\u00e7\u00e3o. Em muitas mat\u00e9rias temos um oceano a separar-nos, \u00e9 verdade. Mas, tal como a Iniciativa Liberal, o Partido que lidera, n\u00e3o ataca princ\u00edpios basilares da Democracia.<br \/>\nPor isso, n\u00e3o se podem \u201cmeter no mesmo saco\u201d os candidatos do Chega e o candidato da Iniciativa Liberal. Isso \u00e9 um erro grave! Tenho para mim, que muitos dos votos contra que Cotrim de Figueiredo recebeu foram da pr\u00f3pria Direita que entende que a IL \u00e9 uma amea\u00e7a ao seu eleitorado tradicional.<br \/>\nCotrim de Figueiredo mereceu o meu voto para estas fun\u00e7\u00f5es. Do mesmo modo que merece o meu combate pol\u00edtico e ideol\u00f3gico. Mas s\u00e3o coisas diferentes, claro!<\/p>\n<p><em><strong>(Pode ler a opini\u00e3o na edi\u00e7\u00e3o impressa e digital)<\/strong><\/em><\/p>\n","protected":false},"excerpt":{"rendered":"<p>Opini\u00e3o de Pedro Coimbra <\/p>\n","protected":false},"author":1,"featured_media":208304,"comment_status":"open","ping_status":"open","sticky":false,"template":"","format":"standard","meta":{"_acf_changed":false,"footnotes":""},"categories":[31,5],"tags":[100,1024],"class_list":["post-236113","post","type-post","status-publish","format-standard","has-post-thumbnail","hentry","category-geral","category-opiniao","tag-opiniao","tag-pedro-coimbra"],"acf":[],"_links":{"self":[{"href":"https:\/\/critecnow.com\/diariobeiras\/wp-json\/wp\/v2\/posts\/236113","targetHints":{"allow":["GET"]}}],"collection":[{"href":"https:\/\/critecnow.com\/diariobeiras\/wp-json\/wp\/v2\/posts"}],"about":[{"href":"https:\/\/critecnow.com\/diariobeiras\/wp-json\/wp\/v2\/types\/post"}],"author":[{"embeddable":true,"href":"https:\/\/critecnow.com\/diariobeiras\/wp-json\/wp\/v2\/users\/1"}],"replies":[{"embeddable":true,"href":"https:\/\/critecnow.com\/diariobeiras\/wp-json\/wp\/v2\/comments?post=236113"}],"version-history":[{"count":0,"href":"https:\/\/critecnow.com\/diariobeiras\/wp-json\/wp\/v2\/posts\/236113\/revisions"}],"wp:attachment":[{"href":"https:\/\/critecnow.com\/diariobeiras\/wp-json\/wp\/v2\/media?parent=236113"}],"wp:term":[{"taxonomy":"category","embeddable":true,"href":"https:\/\/critecnow.com\/diariobeiras\/wp-json\/wp\/v2\/categories?post=236113"},{"taxonomy":"post_tag","embeddable":true,"href":"https:\/\/critecnow.com\/diariobeiras\/wp-json\/wp\/v2\/tags?post=236113"}],"curies":[{"name":"wp","href":"https:\/\/api.w.org\/{rel}","templated":true}]}}