{"id":237364,"date":"2022-04-28T10:16:26","date_gmt":"2022-04-28T09:16:26","guid":{"rendered":"https:\/\/www.asbeiras.pt\/?p=237364"},"modified":"2022-04-28T10:16:26","modified_gmt":"2022-04-28T09:16:26","slug":"coimbra-tem-a-26a-universidade-mais-sustentavel-do-mundo","status":"publish","type":"post","link":"https:\/\/critecnow.com\/diariobeiras\/coimbra-tem-a-26a-universidade-mais-sustentavel-do-mundo\/","title":{"rendered":"Coimbra tem a 26\u00aa universidade mais sustent\u00e1vel do mundo"},"content":{"rendered":"<p><a href=\"https:\/\/www.asbeiras.pt\/wp-content\/uploads\/2022\/01\/universidadecoimbra.jpg\"><img loading=\"lazy\" decoding=\"async\" class=\"size-full wp-image-229681\" src=\"https:\/\/www.asbeiras.pt\/wp-content\/uploads\/2022\/01\/universidadecoimbra.jpg\" alt=\"\" width=\"1280\" height=\"720\" \/><\/a><\/p>\n<p>Pelo terceiro ano consecutivo, a Universidade de Coimbra (UC) \u00e9 considerada a institui\u00e7\u00e3o de ensino superior mais sustent\u00e1vel em Portugal e a 26.\u00aa do mundo, de acordo com a quarta edi\u00e7\u00e3o do ranking The Times Higher Education Impact Rankings 2022, divulgado ontem.<br \/>\n\u201cCom um score total de 94.1 em 100, a UC foi a institui\u00e7\u00e3o com um melhor desempenho global em Portugal no cumprimento dos Objetivos de Desenvolvimento Sustent\u00e1vel (ODS) das Na\u00e7\u00f5es Unidas\u201d, refere a UC em comunicado.<\/p>\n<p>&nbsp;<\/p>\n<p><em><strong>(Ler reportagem completa na edi\u00e7\u00e3o impressa do DI\u00c1RIO AS BEIRAS em 28\/04\/2022)<\/strong><\/em><\/p>\n","protected":false},"excerpt":{"rendered":"<p>Pelo terceiro ano consecutivo, a Universidade de Coimbra (UC) \u00e9 considerada a institui\u00e7\u00e3o de ensino superior mais sustent\u00e1vel em Portugal e a 26.\u00aa do mundo, de acordo com a quarta edi\u00e7\u00e3o do ranking The Times Higher Education Impact Rankings 2022, divulgado ontem.<\/p>\n","protected":false},"author":1,"featured_media":229681,"comment_status":"open","ping_status":"open","sticky":false,"template":"","format":"standard","meta":{"_acf_changed":false,"footnotes":""},"categories":[39,31],"tags":[40,1422,2481],"class_list":["post-237364","post","type-post","status-publish","format-standard","has-post-thumbnail","hentry","category-coimbra-2","category-geral","tag-coimbra","tag-sustentabilidade","tag-universidade"],"acf":[],"_links":{"self":[{"href":"https:\/\/critecnow.com\/diariobeiras\/wp-json\/wp\/v2\/posts\/237364","targetHints":{"allow":["GET"]}}],"collection":[{"href":"https:\/\/critecnow.com\/diariobeiras\/wp-json\/wp\/v2\/posts"}],"about":[{"href":"https:\/\/critecnow.com\/diariobeiras\/wp-json\/wp\/v2\/types\/post"}],"author":[{"embeddable":true,"href":"https:\/\/critecnow.com\/diariobeiras\/wp-json\/wp\/v2\/users\/1"}],"replies":[{"embeddable":true,"href":"https:\/\/critecnow.com\/diariobeiras\/wp-json\/wp\/v2\/comments?post=237364"}],"version-history":[{"count":0,"href":"https:\/\/critecnow.com\/diariobeiras\/wp-json\/wp\/v2\/posts\/237364\/revisions"}],"wp:attachment":[{"href":"https:\/\/critecnow.com\/diariobeiras\/wp-json\/wp\/v2\/media?parent=237364"}],"wp:term":[{"taxonomy":"category","embeddable":true,"href":"https:\/\/critecnow.com\/diariobeiras\/wp-json\/wp\/v2\/categories?post=237364"},{"taxonomy":"post_tag","embeddable":true,"href":"https:\/\/critecnow.com\/diariobeiras\/wp-json\/wp\/v2\/tags?post=237364"}],"curies":[{"name":"wp","href":"https:\/\/api.w.org\/{rel}","templated":true}]}}