{"id":238433,"date":"2022-05-11T15:00:01","date_gmt":"2022-05-11T14:00:01","guid":{"rendered":"https:\/\/www.asbeiras.pt\/?p=238433"},"modified":"2022-05-11T15:00:01","modified_gmt":"2022-05-11T14:00:01","slug":"bilhetes-para-a-super-especial-do-rali-de-portugal-em-coimbra","status":"publish","type":"post","link":"https:\/\/critecnow.com\/diariobeiras\/bilhetes-para-a-super-especial-do-rali-de-portugal-em-coimbra\/","title":{"rendered":"Bilhetes para a Super Especial do Rali de Portugal em Coimbra"},"content":{"rendered":"<p data-uw-styling-context=\"true\"><a href=\"https:\/\/www.asbeiras.pt\/wp-content\/uploads\/2021\/05\/ultima-rali.jpg\"><img loading=\"lazy\" decoding=\"async\" class=\"alignnone size-full wp-image-216930\" src=\"https:\/\/www.asbeiras.pt\/wp-content\/uploads\/2021\/05\/ultima-rali.jpg\" alt=\"\" width=\"1200\" height=\"628\" \/><\/a><\/p>\n<p class=\"text-paragraph\" data-uw-styling-context=\"true\">A C\u00e2mara de Coimbra informou hoje que est\u00e3o j\u00e1 \u00e0 venda os bilhetes para a Super Especial do Rali de Portugal, naquela cidade, no dia 19.<\/p>\n<p class=\"text-paragraph\" data-uw-styling-context=\"true\">\u201cPela primeira vez, Coimbra acolhe uma classificativa do Rally de Portugal. Com tr\u00eas quil\u00f3metros de extens\u00e3o, desenhada no per\u00edmetro urbano da margem esquerda do rio Mondego, esta \u00e9 uma estreia absoluta na prova organizado pelo Autom\u00f3vel Club de Portugal (ACP). Os bilhetes j\u00e1 est\u00e3o \u00e0 venda\u201d, explicou a C\u00e2mara.<\/p>\n<p class=\"text-paragraph\" data-uw-styling-context=\"true\">Mais informa\u00e7\u00f5es podem ser consultadas em https:\/\/bit.ly\/3MWAXdc.<\/p>\n","protected":false},"excerpt":{"rendered":"<p>A C\u00e2mara de Coimbra informou hoje que est\u00e3o j\u00e1 \u00e0 venda os bilhetes para a Super Especial do Rali de Portugal, naquela cidade, no dia 19.<\/p>\n","protected":false},"author":1,"featured_media":216930,"comment_status":"open","ping_status":"open","sticky":false,"template":"","format":"standard","meta":{"_acf_changed":false,"footnotes":""},"categories":[39,31],"tags":[40,4087,8283],"class_list":["post-238433","post","type-post","status-publish","format-standard","has-post-thumbnail","hentry","category-coimbra-2","category-geral","tag-coimbra","tag-rali","tag-vendadebilhetes"],"acf":[],"_links":{"self":[{"href":"https:\/\/critecnow.com\/diariobeiras\/wp-json\/wp\/v2\/posts\/238433","targetHints":{"allow":["GET"]}}],"collection":[{"href":"https:\/\/critecnow.com\/diariobeiras\/wp-json\/wp\/v2\/posts"}],"about":[{"href":"https:\/\/critecnow.com\/diariobeiras\/wp-json\/wp\/v2\/types\/post"}],"author":[{"embeddable":true,"href":"https:\/\/critecnow.com\/diariobeiras\/wp-json\/wp\/v2\/users\/1"}],"replies":[{"embeddable":true,"href":"https:\/\/critecnow.com\/diariobeiras\/wp-json\/wp\/v2\/comments?post=238433"}],"version-history":[{"count":0,"href":"https:\/\/critecnow.com\/diariobeiras\/wp-json\/wp\/v2\/posts\/238433\/revisions"}],"wp:attachment":[{"href":"https:\/\/critecnow.com\/diariobeiras\/wp-json\/wp\/v2\/media?parent=238433"}],"wp:term":[{"taxonomy":"category","embeddable":true,"href":"https:\/\/critecnow.com\/diariobeiras\/wp-json\/wp\/v2\/categories?post=238433"},{"taxonomy":"post_tag","embeddable":true,"href":"https:\/\/critecnow.com\/diariobeiras\/wp-json\/wp\/v2\/tags?post=238433"}],"curies":[{"name":"wp","href":"https:\/\/api.w.org\/{rel}","templated":true}]}}