{"id":239028,"date":"2022-05-22T13:44:57","date_gmt":"2022-05-22T12:44:57","guid":{"rendered":"https:\/\/www.asbeiras.pt\/?p=239028"},"modified":"2022-05-22T13:44:57","modified_gmt":"2022-05-22T12:44:57","slug":"rovanpera-toyota-yaris-venceu-o-rali-de-portugal","status":"publish","type":"post","link":"https:\/\/critecnow.com\/diariobeiras\/rovanpera-toyota-yaris-venceu-o-rali-de-portugal\/","title":{"rendered":"Rovanper\u00e4 (Toyota Yaris) venceu o Rali de Portugal"},"content":{"rendered":"<p data-uw-styling-context=\"true\"><a href=\"https:\/\/www.asbeiras.pt\/wp-content\/uploads\/2022\/05\/rovempera.jpg\"><img loading=\"lazy\" decoding=\"async\" class=\"alignnone size-medium wp-image-239029\" src=\"https:\/\/www.asbeiras.pt\/wp-content\/uploads\/2022\/05\/rovempera-300x195.jpg\" alt=\"\" width=\"300\" height=\"195\" \/><\/a><\/p>\n<p data-uw-styling-context=\"true\">O finland\u00eas Kalle Rovanper\u00e4 (Toyota Yaris) tornou-se hoje o mais novo de sempre a vencer o Rali de Portugal, ao ser o mais r\u00e1pido na 55.\u00aa edi\u00e7\u00e3o da prova lusa com 21 anos. Rovanper\u00e4 gastou 3:44.19,2 horas para cumprir as 21 especiais desta quarta jornada do Mundial, deixando o segundo classificado, o brit\u00e2nico Elfyn Evans (Toyota Yaris), a 15,2 segundos, com o espanhol Dani Sordo (Hyundai i20) em terceiro, a 2.17,3 minutos, depois de ter batido o japon\u00eas Takamoto Katsuta (Toyota Yaris) na &#8216;power stage&#8217;.<\/p>\n<p class=\"text-paragraph\" data-uw-styling-context=\"true\">Com estes resultados, Rovanper\u00e4, que j\u00e1 venceu tr\u00eas das quatro provas realizadas esta \u00e9poca (s\u00f3 foi batido pelo franc\u00eas S\u00e9bastien Loeb, em Ford Puma, no Rali de Monte Carlo), alargou a vantagem no campeonato, tendo agora 106 pontos, mais 46 do que o segundo classificado, que \u00e9 o belga Thierry Neuville (Hyundai i20).<\/p>\n","protected":false},"excerpt":{"rendered":"<p>Elfyn Evans (Toyota Yaris) ficou em segundo lugar e Dani Sordo (Hyundai i20) em terceiro<\/p>\n","protected":false},"author":1,"featured_media":239029,"comment_status":"open","ping_status":"open","sticky":false,"template":"","format":"standard","meta":{"_acf_changed":false,"footnotes":""},"categories":[4,31],"tags":[1585,2425,4126],"class_list":["post-239028","post","type-post","status-publish","format-standard","has-post-thumbnail","hentry","category-desporto","category-geral","tag-automobilismo","tag-rali-de-portugal","tag-rovanpera"],"acf":[],"_links":{"self":[{"href":"https:\/\/critecnow.com\/diariobeiras\/wp-json\/wp\/v2\/posts\/239028","targetHints":{"allow":["GET"]}}],"collection":[{"href":"https:\/\/critecnow.com\/diariobeiras\/wp-json\/wp\/v2\/posts"}],"about":[{"href":"https:\/\/critecnow.com\/diariobeiras\/wp-json\/wp\/v2\/types\/post"}],"author":[{"embeddable":true,"href":"https:\/\/critecnow.com\/diariobeiras\/wp-json\/wp\/v2\/users\/1"}],"replies":[{"embeddable":true,"href":"https:\/\/critecnow.com\/diariobeiras\/wp-json\/wp\/v2\/comments?post=239028"}],"version-history":[{"count":0,"href":"https:\/\/critecnow.com\/diariobeiras\/wp-json\/wp\/v2\/posts\/239028\/revisions"}],"wp:attachment":[{"href":"https:\/\/critecnow.com\/diariobeiras\/wp-json\/wp\/v2\/media?parent=239028"}],"wp:term":[{"taxonomy":"category","embeddable":true,"href":"https:\/\/critecnow.com\/diariobeiras\/wp-json\/wp\/v2\/categories?post=239028"},{"taxonomy":"post_tag","embeddable":true,"href":"https:\/\/critecnow.com\/diariobeiras\/wp-json\/wp\/v2\/tags?post=239028"}],"curies":[{"name":"wp","href":"https:\/\/api.w.org\/{rel}","templated":true}]}}