{"id":239035,"date":"2022-05-22T14:17:26","date_gmt":"2022-05-22T13:17:26","guid":{"rendered":"https:\/\/www.asbeiras.pt\/?p=239035"},"modified":"2022-05-22T14:17:26","modified_gmt":"2022-05-22T13:17:26","slug":"rali-de-portugal-armindo-araujo-termina-como-o-melhor-portugues","status":"publish","type":"post","link":"https:\/\/critecnow.com\/diariobeiras\/rali-de-portugal-armindo-araujo-termina-como-o-melhor-portugues\/","title":{"rendered":"Rali de Portugal: Armindo Ara\u00fajo termina como o melhor portugu\u00eas"},"content":{"rendered":"<div id=\"attachment_239036\" style=\"width: 1210px\" class=\"wp-caption alignnone\"><a href=\"https:\/\/www.asbeiras.pt\/2022\/05\/rali-de-portugal-armindo-araujo-termina-como-o-melhor-portugues\/armindo-araujo\/\" rel=\"attachment wp-att-239036\"><img loading=\"lazy\" decoding=\"async\" aria-describedby=\"caption-attachment-239036\" class=\"size-full wp-image-239036\" src=\"https:\/\/www.asbeiras.pt\/wp-content\/uploads\/2022\/05\/ARMINDO-ARAUJO.jpg\" alt=\"\" width=\"1200\" height=\"628\" \/><\/a><p id=\"caption-attachment-239036\" class=\"wp-caption-text\">www.rallydeportugal.pt<\/p><\/div>\n<p data-uw-styling-context=\"true\">O piloto Armindo Ara\u00fajo (Skoda F\u00e1bia) terminou a 55.\u00aa edi\u00e7\u00e3o do Rali de Portugal como o melhor portugu\u00eas, batendo o algarvio Ricardo Teod\u00f3sio (Hyundai i20) por 22,5 segundos.<\/p>\n<p class=\"text-paragraph\" data-uw-styling-context=\"true\">Nesta competi\u00e7\u00e3o particular pelo estatuto de melhor representante nacional, apesar de a classifica\u00e7\u00e3o do Campeonato de Portugal de Ralis (CPR) ter ficado fechada na sexta-feira, com a vit\u00f3ria de Teod\u00f3sio, Ara\u00fajo levou a melhor depois de ter assumido o comando no final do dia de s\u00e1bado.<\/p>\n<p class=\"text-paragraph\" data-uw-styling-context=\"true\">Esta manh\u00e3, o piloto natural de Santo Tirso fez melhor do que Teod\u00f3sio em tr\u00eas das cinco especiais, apesar de s\u00f3 ter vencido uma. Jos\u00e9 Pedro Fontes, em Citro\u00ebn C3, venceu as outras duas.<\/p>\n<p class=\"text-paragraph\" data-uw-styling-context=\"true\">O algarvio foi o mais r\u00e1pido dos portugueses em dois dos cinco tro\u00e7os deste domingo.<\/p>\n<p class=\"text-paragraph\" data-uw-styling-context=\"true\">Desta forma, Ara\u00fajo terminou em 14.\u00ba da geral, a 21.36,8 minutos do vencedor, com Teod\u00f3sio logo atr\u00e1s, a 22,5 segundos.<\/p>\n<p class=\"text-paragraph\" data-uw-styling-context=\"true\">Armindo Ara\u00fajo foi, ainda, quinto classificado no WRC2, com Ricardo Teod\u00f3sio em sexto.<\/p>\n","protected":false},"excerpt":{"rendered":"<p>Ara\u00fajo terminou em 14.\u00ba da geral, a 21.36,8 minutos do vencedor<\/p>\n","protected":false},"author":1,"featured_media":239036,"comment_status":"open","ping_status":"open","sticky":false,"template":"","format":"standard","meta":{"_acf_changed":false,"footnotes":""},"categories":[4,31],"tags":[1585,8418,8419,2947],"class_list":["post-239035","post","type-post","status-publish","format-standard","has-post-thumbnail","hentry","category-desporto","category-geral","tag-automobilismo","tag-rali-de-portugal-armindo-araujo","tag-skoda","tag-wrc"],"acf":[],"_links":{"self":[{"href":"https:\/\/critecnow.com\/diariobeiras\/wp-json\/wp\/v2\/posts\/239035","targetHints":{"allow":["GET"]}}],"collection":[{"href":"https:\/\/critecnow.com\/diariobeiras\/wp-json\/wp\/v2\/posts"}],"about":[{"href":"https:\/\/critecnow.com\/diariobeiras\/wp-json\/wp\/v2\/types\/post"}],"author":[{"embeddable":true,"href":"https:\/\/critecnow.com\/diariobeiras\/wp-json\/wp\/v2\/users\/1"}],"replies":[{"embeddable":true,"href":"https:\/\/critecnow.com\/diariobeiras\/wp-json\/wp\/v2\/comments?post=239035"}],"version-history":[{"count":0,"href":"https:\/\/critecnow.com\/diariobeiras\/wp-json\/wp\/v2\/posts\/239035\/revisions"}],"wp:attachment":[{"href":"https:\/\/critecnow.com\/diariobeiras\/wp-json\/wp\/v2\/media?parent=239035"}],"wp:term":[{"taxonomy":"category","embeddable":true,"href":"https:\/\/critecnow.com\/diariobeiras\/wp-json\/wp\/v2\/categories?post=239035"},{"taxonomy":"post_tag","embeddable":true,"href":"https:\/\/critecnow.com\/diariobeiras\/wp-json\/wp\/v2\/tags?post=239035"}],"curies":[{"name":"wp","href":"https:\/\/api.w.org\/{rel}","templated":true}]}}