{"id":239223,"date":"2022-05-25T12:13:51","date_gmt":"2022-05-25T11:13:51","guid":{"rendered":"https:\/\/www.asbeiras.pt\/?p=239223"},"modified":"2022-05-25T12:13:51","modified_gmt":"2022-05-25T11:13:51","slug":"opiniao-que-imovel-propoe-para-o-polo-da-universidade-de-coimbra","status":"publish","type":"post","link":"https:\/\/critecnow.com\/diariobeiras\/opiniao-que-imovel-propoe-para-o-polo-da-universidade-de-coimbra\/","title":{"rendered":"Opini\u00e3o &#8211; Que im\u00f3vel prop\u00f5e para  o polo da Universidade  de Coimbra?"},"content":{"rendered":"<p><a href=\"https:\/\/www.asbeiras.pt\/2022\/01\/opiniao-o-porto-comercial-deve-ser-mudado-para-a-margem-sul-da-figueira-da-foz-2\/silvina-queiroz-2\/\" rel=\"attachment wp-att-229671\"><img loading=\"lazy\" decoding=\"async\" class=\"aligncenter size-full wp-image-229671\" src=\"https:\/\/www.asbeiras.pt\/wp-content\/uploads\/2022\/01\/silvina-queiroz.jpg\" alt=\"\" width=\"2500\" height=\"1308\" \/><\/a><\/p>\n<p>Na \u00faltima sess\u00e3o de <strong>Assembleia Municipal<\/strong> a prop\u00f3sito da eventual ocupa\u00e7\u00e3o do S\u00edtio das Artes pelo Instituto de Emprego e Forma\u00e7\u00e3o Profissional, o sr Presidente da C\u00e2mara, discordando dessa solu\u00e7\u00e3o, manifestou preferir vir a ocupar o espa\u00e7o com o polo da Universidade de Coimbra.<br \/>\nPerante vozes discordantes, aventou que sugerissem um local para a sua instala\u00e7\u00e3o. Brincadeira! Contudo, fiquei a pensar no assunto. Desde sempre que anseio pelo ensino superior p\u00fablico na cidade. O S\u00edtio das Artes seria adequado, n\u00e3o fossem anteriores conversa\u00e7\u00f5es entre o IEFP e recentes executivos camar\u00e1rios.<br \/>\nO processo n\u00e3o correu bem mas a forma\u00e7\u00e3o profissional pode ser uma mais valia para o concelho. Foi com desagrad\u00e1vel surpresa que passados dias vejo nos jornais que a decis\u00e3o estava tomada \u2013 a Universidade iria instalar-se na Quinta das Olaias. A opini\u00e3o que nos \u00e9 solicitada parece assim ser extempor\u00e2nea! Mas \u00e9 sempre tempo de emendar a m\u00e3o quando ela nos conduziu a solu\u00e7\u00f5es menos boas.<br \/>\nA Quinta das Olaias \u00e9 um lugar lind\u00edssimo, emblem\u00e1tico, com um esp\u00f3lio incr\u00edvel, um espa\u00e7o que merece ser visitado e objecto de frui\u00e7\u00e3o p\u00fablica. Lembro-me do que aconteceu no Pa\u00e7o de Maiorca quando pe\u00e7as valiosas propriedade do munic\u00edpio sumiram! Lembran\u00e7a ruim! Uma localiza\u00e7\u00e3o espl\u00eandida seria o Ninho dos Passarinhos. Precisa de interven\u00e7\u00e3o, \u00e9 certo, mas n\u00e3o merece continuar a degradar-se e \u00e9 espa\u00e7o p\u00fablico.<\/p>\n","protected":false},"excerpt":{"rendered":"<p>Silvina Queiroz<\/p>\n","protected":false},"author":1,"featured_media":229671,"comment_status":"open","ping_status":"open","sticky":false,"template":"","format":"standard","meta":{"_acf_changed":false,"footnotes":""},"categories":[31,5],"tags":[2421,63,100,6632],"class_list":["post-239223","post","type-post","status-publish","format-standard","has-post-thumbnail","hentry","category-geral","category-opiniao","tag-assembleia-municipal","tag-figueira-da-foz","tag-opiniao","tag-silvina-queiroz"],"acf":[],"_links":{"self":[{"href":"https:\/\/critecnow.com\/diariobeiras\/wp-json\/wp\/v2\/posts\/239223","targetHints":{"allow":["GET"]}}],"collection":[{"href":"https:\/\/critecnow.com\/diariobeiras\/wp-json\/wp\/v2\/posts"}],"about":[{"href":"https:\/\/critecnow.com\/diariobeiras\/wp-json\/wp\/v2\/types\/post"}],"author":[{"embeddable":true,"href":"https:\/\/critecnow.com\/diariobeiras\/wp-json\/wp\/v2\/users\/1"}],"replies":[{"embeddable":true,"href":"https:\/\/critecnow.com\/diariobeiras\/wp-json\/wp\/v2\/comments?post=239223"}],"version-history":[{"count":0,"href":"https:\/\/critecnow.com\/diariobeiras\/wp-json\/wp\/v2\/posts\/239223\/revisions"}],"wp:attachment":[{"href":"https:\/\/critecnow.com\/diariobeiras\/wp-json\/wp\/v2\/media?parent=239223"}],"wp:term":[{"taxonomy":"category","embeddable":true,"href":"https:\/\/critecnow.com\/diariobeiras\/wp-json\/wp\/v2\/categories?post=239223"},{"taxonomy":"post_tag","embeddable":true,"href":"https:\/\/critecnow.com\/diariobeiras\/wp-json\/wp\/v2\/tags?post=239223"}],"curies":[{"name":"wp","href":"https:\/\/api.w.org\/{rel}","templated":true}]}}