{"id":239268,"date":"2022-05-26T10:37:25","date_gmt":"2022-05-26T09:37:25","guid":{"rendered":"https:\/\/www.asbeiras.pt\/?p=239268"},"modified":"2022-05-26T10:37:25","modified_gmt":"2022-05-26T09:37:25","slug":"opiniao-ao-encontro-da-cidade-rede","status":"publish","type":"post","link":"https:\/\/critecnow.com\/diariobeiras\/opiniao-ao-encontro-da-cidade-rede\/","title":{"rendered":"Opini\u00e3o: Ao encontro  da \u201cCidade- -Rede\u201d"},"content":{"rendered":"<p><a href=\"https:\/\/www.asbeiras.pt\/wp-content\/uploads\/2020\/12\/Francisco-Lavrador-Pires-opi.jpg\"><img loading=\"lazy\" decoding=\"async\" class=\"alignnone wp-image-207031 size-large\" src=\"https:\/\/www.asbeiras.pt\/wp-content\/uploads\/2020\/12\/Francisco-Lavrador-Pires-opi-1024x536.jpg\" alt=\"\" width=\"650\" height=\"340\" \/><\/a><\/p>\n<p>Em \u201cSamba da Ben\u00e7\u00e3o\u201d, Vinicius de Moares cantava dizendo que, \u201ca vida \u00e9 a arte do encontro, embora haja tanto desencontro pela vida\u201d. O duplo do encontro, o reencontro, promove a descoberta de novas associa\u00e7\u00f5es entre saberes dispersos, sejam f\u00edsicos ou virtuais. Atrav\u00e9s do debate informal ou de reuni\u00f5es previamente agendadas, \u00e9 sempre poss\u00edvel estimular novos conhecimentos baseados em dom\u00ednios tantas vezes afastados dos quotidianos mais simples e que, codificados na paisagem f\u00edsica ou em redes digitais, s\u00e3o capazes de estimular atmosferas de reflex\u00e3o intensiva, n\u00e3o-formal, mas profundamente enriquecedora.<\/p>\n<p>\u00c9 essencial recuperar o efeito agregador da p\u00f3lis no sentido de promover uma \u201c\u00e1gora digital\u201d, de um ciber e metaespa\u00e7o capazes de interligar pessoas, objetos, m\u00e1quinas e redes com os ambientes produzidos pelos novos instrumentos em setores tradicionais e emergentes, como a Intelig\u00eancia Artificial (IA), Blockchain, Fintech, Industria 5.0, Rob\u00f3tica, IoT, 5G\/6G, Ciberseguran\u00e7a, Metaverso, Contratos Inteligentes, NFTs, Tokeniza\u00e7\u00e3o e Emprendedorismo de tempo real, enfim, um sem-numero de possibilidades geradas por uma sociedade de risco, profundamente inquieta, mas onde as probabilidades de aparecimento de novas experi\u00eancias e viv\u00eancias crescem de forma exponencial.<\/p>\n<p>O pr\u00f3prio reconhecimento de Crescimento Exponencial, faz a alavancagem de um conjunto de instrumentos capazes de estimular novas atividades e empregos, em setores para os quais vai ser necess\u00e1rio educar e treinar pessoas em colabora\u00e7\u00e3o e contacto com algoritmos de tecnologias h\u00e1pticas (sensoriais), realidade aumentada, realidade imersiva, realidade virtual, infravermelhos, realidade diminu\u00edda, hologramas, ecr\u00e2s volum\u00e9tricos, teleimers\u00e3o, e que, ao desenvolverem novas formas (muito subtis) de intera\u00e7\u00e3o com g\u00e9meos digitais ( digital twins ) , reclamam especial cuidado pelas \u00e1reas da psicologia, sociologia, neuroci\u00eancias, como forma de acompanhamento inteligente de poss\u00edveis altera\u00e7\u00f5es nos processos de bem estar pessoal e de sa\u00fade mental.<\/p>\n<p>Promover a transi\u00e7\u00e3o do espa\u00e7o local ao encontro da ideia de uma \u201ccidade-rede\u201d ( Hiperlocal) pode ser feito atrav\u00e9s de dois conceitos : 1 ) de \u201cvalor\u201d, e esse ser\u00e1 o interesse aumentado pelas redes de servi\u00e7o e suporte \u00e0 sociedade como as redes de telecomunica\u00e7\u00f5es 5G\/6G, redes de energia renov\u00e1vel, redes de cuidados sociais e de sa\u00fade de suporte \u00e0 longevidade e envelhecimento ativo, e 2 ) atrav\u00e9s da ideia de \u201ccrescimento\u201d pela cria\u00e7\u00e3o e mobiliza\u00e7\u00e3o de unidades de interface ciberf\u00edsicas, talentos, recursos e condi\u00e7\u00f5es para a atratividade e jun\u00e7\u00e3o de unidades de ci\u00eancia, empresas e institui\u00e7\u00f5es ao Hiperlocal, \u00e0 Cidade-Rede, ao mesmo tempo f\u00edsica e virtual, qua tale um Metaverso.<\/p>\n","protected":false},"excerpt":{"rendered":"<p>Em \u201cSamba da Ben\u00e7\u00e3o\u201d, Vinicius de Moares cantava dizendo que, \u201ca vida \u00e9 a arte do encontro, embora haja tanto desencontro pela vida\u201d. O duplo do encontro, o reencontro, promove a descoberta de novas associa\u00e7\u00f5es entre saberes dispersos, sejam f\u00edsicos ou virtuais. Atrav\u00e9s do debate informal ou de reuni\u00f5es previamente agendadas, \u00e9 sempre poss\u00edvel estimular [&hellip;]<\/p>\n","protected":false},"author":1,"featured_media":207031,"comment_status":"open","ping_status":"open","sticky":false,"template":"","format":"standard","meta":{"_acf_changed":false,"footnotes":""},"categories":[31,5],"tags":[353,7170,100],"class_list":["post-239268","post","type-post","status-publish","format-standard","has-post-thumbnail","hentry","category-geral","category-opiniao","tag-francisco-lavrador-pires","tag-geral","tag-opiniao"],"acf":[],"_links":{"self":[{"href":"https:\/\/critecnow.com\/diariobeiras\/wp-json\/wp\/v2\/posts\/239268","targetHints":{"allow":["GET"]}}],"collection":[{"href":"https:\/\/critecnow.com\/diariobeiras\/wp-json\/wp\/v2\/posts"}],"about":[{"href":"https:\/\/critecnow.com\/diariobeiras\/wp-json\/wp\/v2\/types\/post"}],"author":[{"embeddable":true,"href":"https:\/\/critecnow.com\/diariobeiras\/wp-json\/wp\/v2\/users\/1"}],"replies":[{"embeddable":true,"href":"https:\/\/critecnow.com\/diariobeiras\/wp-json\/wp\/v2\/comments?post=239268"}],"version-history":[{"count":0,"href":"https:\/\/critecnow.com\/diariobeiras\/wp-json\/wp\/v2\/posts\/239268\/revisions"}],"wp:attachment":[{"href":"https:\/\/critecnow.com\/diariobeiras\/wp-json\/wp\/v2\/media?parent=239268"}],"wp:term":[{"taxonomy":"category","embeddable":true,"href":"https:\/\/critecnow.com\/diariobeiras\/wp-json\/wp\/v2\/categories?post=239268"},{"taxonomy":"post_tag","embeddable":true,"href":"https:\/\/critecnow.com\/diariobeiras\/wp-json\/wp\/v2\/tags?post=239268"}],"curies":[{"name":"wp","href":"https:\/\/api.w.org\/{rel}","templated":true}]}}