{"id":239491,"date":"2022-05-30T10:43:43","date_gmt":"2022-05-30T09:43:43","guid":{"rendered":"https:\/\/www.asbeiras.pt\/?p=239491"},"modified":"2022-05-30T10:43:43","modified_gmt":"2022-05-30T09:43:43","slug":"no-banco-alimentar-seja-bem-vindo-quem-vier-por-bem","status":"publish","type":"post","link":"https:\/\/critecnow.com\/diariobeiras\/no-banco-alimentar-seja-bem-vindo-quem-vier-por-bem\/","title":{"rendered":"No banco alimentar seja bem vindo quem vier por bem"},"content":{"rendered":"<p><a href=\"https:\/\/www.asbeiras.pt\/wp-content\/uploads\/2022\/05\/04-Banco-Alimentar-AF.jpg\"><img loading=\"lazy\" decoding=\"async\" class=\"alignnone size-full wp-image-239493\" src=\"https:\/\/www.asbeiras.pt\/wp-content\/uploads\/2022\/05\/04-Banco-Alimentar-AF.jpg\" alt=\"\" width=\"1200\" height=\"628\" \/><\/a><\/p>\n<p>N\u00e3o haver\u00e1 melhor frase que a que Zeca Afonso canta na m\u00fasica \u201cTraz outro amigo tamb\u00e9m\u201d para classificar a campanha do Banco Alimentar. Entre sorrisos, agradecimentos e muita solidariedade, foram milhares os que contribu\u00edram neste fim de semana para que a campanha tenha sido um sucesso.<br \/>\nCoimbra teve dois mil volunt\u00e1rios a trabalhar para que a campanha tivesse em todos os lugares poss\u00edveis e a popula\u00e7\u00e3o aderiu em peso. Ontem de manh\u00e3, na loja Continente do CoimbraShopping, foram v\u00e1rias as pessoas que contribu\u00edram. Uma delas, Ana Lopes, frisou ao DI\u00c1RIO AS BEIRAS que se deve poder ajudar \u201cas pessoas que mais precisam\u201d, depois de ter entregue arroz e massa.<\/p>\n<p>| Leia a not\u00edcia completa na edi\u00e7\u00e3o de hoje do DI\u00c1RIO AS BEIRAS<\/p>\n","protected":false},"excerpt":{"rendered":"<p>N\u00e3o haver\u00e1 melhor frase que a que Zeca Afonso canta na m\u00fasica \u201cTraz outro amigo tamb\u00e9m\u201d para classificar a campanha do Banco Alimentar. Entre sorrisos, agradecimentos e muita solidariedade, foram milhares os que contribu\u00edram neste fim de semana para que a campanha tenha sido um sucesso.<\/p>\n","protected":false},"author":1,"featured_media":239494,"comment_status":"open","ping_status":"open","sticky":false,"template":"","format":"standard","meta":{"_acf_changed":false,"footnotes":""},"categories":[39,31],"tags":[8464,40],"class_list":["post-239491","post","type-post","status-publish","format-standard","has-post-thumbnail","hentry","category-coimbra-2","category-geral","tag-banco-alimentar","tag-coimbra"],"acf":[],"_links":{"self":[{"href":"https:\/\/critecnow.com\/diariobeiras\/wp-json\/wp\/v2\/posts\/239491","targetHints":{"allow":["GET"]}}],"collection":[{"href":"https:\/\/critecnow.com\/diariobeiras\/wp-json\/wp\/v2\/posts"}],"about":[{"href":"https:\/\/critecnow.com\/diariobeiras\/wp-json\/wp\/v2\/types\/post"}],"author":[{"embeddable":true,"href":"https:\/\/critecnow.com\/diariobeiras\/wp-json\/wp\/v2\/users\/1"}],"replies":[{"embeddable":true,"href":"https:\/\/critecnow.com\/diariobeiras\/wp-json\/wp\/v2\/comments?post=239491"}],"version-history":[{"count":0,"href":"https:\/\/critecnow.com\/diariobeiras\/wp-json\/wp\/v2\/posts\/239491\/revisions"}],"wp:attachment":[{"href":"https:\/\/critecnow.com\/diariobeiras\/wp-json\/wp\/v2\/media?parent=239491"}],"wp:term":[{"taxonomy":"category","embeddable":true,"href":"https:\/\/critecnow.com\/diariobeiras\/wp-json\/wp\/v2\/categories?post=239491"},{"taxonomy":"post_tag","embeddable":true,"href":"https:\/\/critecnow.com\/diariobeiras\/wp-json\/wp\/v2\/tags?post=239491"}],"curies":[{"name":"wp","href":"https:\/\/api.w.org\/{rel}","templated":true}]}}