{"id":239511,"date":"2022-05-30T11:05:49","date_gmt":"2022-05-30T10:05:49","guid":{"rendered":"https:\/\/www.asbeiras.pt\/?p=239511"},"modified":"2022-05-30T11:05:49","modified_gmt":"2022-05-30T10:05:49","slug":"prata-e-bronze-na-taca-da-europa-de-cadetes-em-cernache","status":"publish","type":"post","link":"https:\/\/critecnow.com\/diariobeiras\/prata-e-bronze-na-taca-da-europa-de-cadetes-em-cernache\/","title":{"rendered":"Prata e bronze na Ta\u00e7a da Europa de Cadetes em Cernache"},"content":{"rendered":"<p><a href=\"https:\/\/www.asbeiras.pt\/wp-content\/uploads\/2022\/05\/15-Torneio-de-Judo-AF-4-of-5.jpg\"><img loading=\"lazy\" decoding=\"async\" class=\"alignnone size-full wp-image-239512\" src=\"https:\/\/www.asbeiras.pt\/wp-content\/uploads\/2022\/05\/15-Torneio-de-Judo-AF-4-of-5.jpg\" alt=\"\" width=\"1200\" height=\"628\" \/><\/a><\/p>\n<p>O Pavilh\u00e3o Desportivo do Col\u00e9gio da Imaculada Concei\u00e7\u00e3o (CAIC), em Cernache, foi, este fim de semana, mais uma vez, palco de uma grande competi\u00e7\u00e3o internacional: a Ta\u00e7a da Europa de Cadetes, para atletas dos 15 aos 17 anos.<br \/>\nCom tr\u00eas representantes de clubes da Associa\u00e7\u00e3o Distrital de Judo de Coimbra, os resultados foram de destaque: uma \u201cprata\u201d, um \u201cbronze\u201d e um 5.\u00ba lugar.<\/p>\n<p>| Leia a not\u00edcia completa na edi\u00e7\u00e3o de hoje do DI\u00c1RIO AS BEIRAS<\/p>\n","protected":false},"excerpt":{"rendered":"<p>Beatriz Carinhas, do Montanha Clube, da Lous\u00e3, levou a medalha de \u201cprata\u201d no primeiro dia da competi\u00e7\u00e3o e, ontem, foi a vez de Mariana Sim\u00f5es, da Acad\u00e9mica, subir ao p\u00f3dio e arrecadar o \u201cbronze\u201d<\/p>\n","protected":false},"author":1,"featured_media":239513,"comment_status":"open","ping_status":"open","sticky":false,"template":"","format":"standard","meta":{"_acf_changed":false,"footnotes":""},"categories":[4,31],"tags":[305,79],"class_list":["post-239511","post","type-post","status-publish","format-standard","has-post-thumbnail","hentry","category-desporto","category-geral","tag-cernache","tag-judo"],"acf":[],"_links":{"self":[{"href":"https:\/\/critecnow.com\/diariobeiras\/wp-json\/wp\/v2\/posts\/239511","targetHints":{"allow":["GET"]}}],"collection":[{"href":"https:\/\/critecnow.com\/diariobeiras\/wp-json\/wp\/v2\/posts"}],"about":[{"href":"https:\/\/critecnow.com\/diariobeiras\/wp-json\/wp\/v2\/types\/post"}],"author":[{"embeddable":true,"href":"https:\/\/critecnow.com\/diariobeiras\/wp-json\/wp\/v2\/users\/1"}],"replies":[{"embeddable":true,"href":"https:\/\/critecnow.com\/diariobeiras\/wp-json\/wp\/v2\/comments?post=239511"}],"version-history":[{"count":0,"href":"https:\/\/critecnow.com\/diariobeiras\/wp-json\/wp\/v2\/posts\/239511\/revisions"}],"wp:featuredmedia":[{"embeddable":true,"href":"https:\/\/critecnow.com\/diariobeiras\/wp-json\/"}],"wp:attachment":[{"href":"https:\/\/critecnow.com\/diariobeiras\/wp-json\/wp\/v2\/media?parent=239511"}],"wp:term":[{"taxonomy":"category","embeddable":true,"href":"https:\/\/critecnow.com\/diariobeiras\/wp-json\/wp\/v2\/categories?post=239511"},{"taxonomy":"post_tag","embeddable":true,"href":"https:\/\/critecnow.com\/diariobeiras\/wp-json\/wp\/v2\/tags?post=239511"}],"curies":[{"name":"wp","href":"https:\/\/api.w.org\/{rel}","templated":true}]}}