{"id":240864,"date":"2022-06-22T11:42:58","date_gmt":"2022-06-22T10:42:58","guid":{"rendered":"https:\/\/www.asbeiras.pt\/?p=240864"},"modified":"2022-06-22T11:42:58","modified_gmt":"2022-06-22T10:42:58","slug":"oficinas-ambientais-de-regresso-a-mealhada","status":"publish","type":"post","link":"https:\/\/critecnow.com\/diariobeiras\/oficinas-ambientais-de-regresso-a-mealhada\/","title":{"rendered":"Oficinas Ambientais de regresso \u00e0 Mealhada"},"content":{"rendered":"<p><a href=\"https:\/\/www.asbeiras.pt\/wp-content\/uploads\/2022\/06\/not4087.jpg\"><img loading=\"lazy\" decoding=\"async\" class=\"alignnone size-full wp-image-240865\" src=\"https:\/\/www.asbeiras.pt\/wp-content\/uploads\/2022\/06\/not4087.jpg\" alt=\"\" width=\"1200\" height=\"628\"\/><\/a><\/p>\n<p class=\"text-paragraph\">As Oficinas Ambientais regressam ao concelho da Mealhada, no dia 09 de julho, \u00e0s 14H00.<\/p>\n<p class=\"text-paragraph\">A C\u00e2mara da Mealhada, distrito de Aveiro, anunciou que a pr\u00f3xima oficina \u00e9 dedicada ao tema &#8220;O ABC da compostagem&#8221; e que se realiza no Jardim do Lago, no Luso.<\/p>\n<p class=\"text-paragraph\">As inscri\u00e7\u00f5es s\u00e3o gratuitas, mas sujeitas a marca\u00e7\u00e3o em&nbsp;ambiente@cm-mealhada.pt ou 231 200&nbsp;980.<\/p>\n","protected":false},"excerpt":{"rendered":"<p>As Oficinas Ambientais regressam ao concelho da Mealhada, no dia 09 de julho, \u00e0s 14H00<\/p>\n","protected":false},"author":1,"featured_media":0,"comment_status":"open","ping_status":"open","sticky":false,"template":"","format":"standard","meta":{"_acf_changed":false,"footnotes":""},"categories":[31,285],"tags":[1543,8853],"class_list":["post-240864","post","type-post","status-publish","format-standard","hentry","category-geral","category-mealhada","tag-camara-municipal-da-mealhada","tag-oficinas-ambientais"],"acf":[],"_links":{"self":[{"href":"https:\/\/critecnow.com\/diariobeiras\/wp-json\/wp\/v2\/posts\/240864","targetHints":{"allow":["GET"]}}],"collection":[{"href":"https:\/\/critecnow.com\/diariobeiras\/wp-json\/wp\/v2\/posts"}],"about":[{"href":"https:\/\/critecnow.com\/diariobeiras\/wp-json\/wp\/v2\/types\/post"}],"author":[{"embeddable":true,"href":"https:\/\/critecnow.com\/diariobeiras\/wp-json\/wp\/v2\/users\/1"}],"replies":[{"embeddable":true,"href":"https:\/\/critecnow.com\/diariobeiras\/wp-json\/wp\/v2\/comments?post=240864"}],"version-history":[{"count":0,"href":"https:\/\/critecnow.com\/diariobeiras\/wp-json\/wp\/v2\/posts\/240864\/revisions"}],"wp:attachment":[{"href":"https:\/\/critecnow.com\/diariobeiras\/wp-json\/wp\/v2\/media?parent=240864"}],"wp:term":[{"taxonomy":"category","embeddable":true,"href":"https:\/\/critecnow.com\/diariobeiras\/wp-json\/wp\/v2\/categories?post=240864"},{"taxonomy":"post_tag","embeddable":true,"href":"https:\/\/critecnow.com\/diariobeiras\/wp-json\/wp\/v2\/tags?post=240864"}],"curies":[{"name":"wp","href":"https:\/\/api.w.org\/{rel}","templated":true}]}}