{"id":241124,"date":"2022-06-25T10:34:06","date_gmt":"2022-06-25T09:34:06","guid":{"rendered":"https:\/\/www.asbeiras.pt\/?p=241124"},"modified":"2022-06-25T10:34:06","modified_gmt":"2022-06-25T09:34:06","slug":"figueira-da-foz-as-pessoas-devem-ser-homenageadas-em-vida-defende-santana-lopes","status":"publish","type":"post","link":"https:\/\/critecnow.com\/diariobeiras\/figueira-da-foz-as-pessoas-devem-ser-homenageadas-em-vida-defende-santana-lopes\/","title":{"rendered":"Figueira da Foz: \u201cAs pessoas devem ser homenageadas em vida\u201d, defende Santana Lopes"},"content":{"rendered":"<div id=\"attachment_241125\" style=\"width: 1210px\" class=\"wp-caption aligncenter\"><a href=\"https:\/\/www.asbeiras.pt\/2022\/06\/figueira-da-foz-as-pessoas-devem-ser-homenageadas-em-vida-defende-santana-lopes\/dia-cidade\/\" rel=\"attachment wp-att-241125\"><img loading=\"lazy\" decoding=\"async\" aria-describedby=\"caption-attachment-241125\" class=\"size-full wp-image-241125\" src=\"https:\/\/www.asbeiras.pt\/wp-content\/uploads\/2022\/06\/Dia-cidade.jpg\" alt=\"\" width=\"1200\" height=\"628\" \/><\/a><p id=\"caption-attachment-241125\" class=\"wp-caption-text\">FOTO DB\/JOT&#8217;ALVES<\/p><\/div>\n<p>O Dia da Cidade da <strong>Figueira da Foz<\/strong> celebra-se a 24 de junho. A cerim\u00f3nia realizou-se, ontem, no Centro de Artes e Espet\u00e1culos (CAE), tendo como ponto alto a atribui\u00e7\u00e3o de <strong>distin\u00e7\u00f5es honor\u00edficas<\/strong> a diversos figueirenses, dois a t\u00edtulo p\u00f3stumo. Na sua alocu\u00e7\u00e3o, o presidente da c\u00e2mara municipal, <strong>Pedro Santana Lopes<\/strong>, defendeu que \u201cas pessoas devem ser homenageadas em vida e na plenitude das suas faculdades\u201d, para, sustentou, sentirem o apre\u00e7o da comunidade.<br \/>\nAinda a prop\u00f3sito das distin\u00e7\u00f5es, o autarca e anfitri\u00e3o da sess\u00e3o solene do feriado municipal frisou que \u201cquem tem de se sentir honrado \u00e9 quem distingue e decide distinguir\u201d, ao atribuir distin\u00e7\u00f5es a pessoas marcantes para a sociedade. E real\u00e7ou ainda a \u201cgratid\u00e3o\u201d que \u00e9 devida aos homenageados, acrescentando que \u201c\u00e9 um honra poder distingui-los\u201d.<\/p>\n<p><em>Not\u00edcia completa nas edi\u00e7\u00f5es impressa e digital do DI\u00c1RIO AS BEIRAS<\/em><\/p>\n","protected":false},"excerpt":{"rendered":"<p>Pedro Santana Lopes presidiu ao Dia da Cidade pela primeira vez neste mandato<\/p>\n","protected":false},"author":1,"featured_media":241125,"comment_status":"open","ping_status":"open","sticky":false,"template":"","format":"standard","meta":{"_acf_changed":false,"footnotes":""},"categories":[62,31],"tags":[8918,63,2297],"class_list":["post-241124","post","type-post","status-publish","format-standard","has-post-thumbnail","hentry","category-figueira-da-foz","category-geral","tag-distincoes-honorificas","tag-figueira-da-foz","tag-pedro-santana-lopes"],"acf":[],"_links":{"self":[{"href":"https:\/\/critecnow.com\/diariobeiras\/wp-json\/wp\/v2\/posts\/241124","targetHints":{"allow":["GET"]}}],"collection":[{"href":"https:\/\/critecnow.com\/diariobeiras\/wp-json\/wp\/v2\/posts"}],"about":[{"href":"https:\/\/critecnow.com\/diariobeiras\/wp-json\/wp\/v2\/types\/post"}],"author":[{"embeddable":true,"href":"https:\/\/critecnow.com\/diariobeiras\/wp-json\/wp\/v2\/users\/1"}],"replies":[{"embeddable":true,"href":"https:\/\/critecnow.com\/diariobeiras\/wp-json\/wp\/v2\/comments?post=241124"}],"version-history":[{"count":0,"href":"https:\/\/critecnow.com\/diariobeiras\/wp-json\/wp\/v2\/posts\/241124\/revisions"}],"wp:attachment":[{"href":"https:\/\/critecnow.com\/diariobeiras\/wp-json\/wp\/v2\/media?parent=241124"}],"wp:term":[{"taxonomy":"category","embeddable":true,"href":"https:\/\/critecnow.com\/diariobeiras\/wp-json\/wp\/v2\/categories?post=241124"},{"taxonomy":"post_tag","embeddable":true,"href":"https:\/\/critecnow.com\/diariobeiras\/wp-json\/wp\/v2\/tags?post=241124"}],"curies":[{"name":"wp","href":"https:\/\/api.w.org\/{rel}","templated":true}]}}