{"id":241136,"date":"2022-06-25T12:46:24","date_gmt":"2022-06-25T11:46:24","guid":{"rendered":"https:\/\/www.asbeiras.pt\/?p=241136"},"modified":"2022-06-25T12:46:24","modified_gmt":"2022-06-25T11:46:24","slug":"opiniao-o-que-fazer-para-mudar-o-rumo-da-acao-e-combater-as-alteracoes-climaticas","status":"publish","type":"post","link":"https:\/\/critecnow.com\/diariobeiras\/opiniao-o-que-fazer-para-mudar-o-rumo-da-acao-e-combater-as-alteracoes-climaticas\/","title":{"rendered":"Opini\u00e3o &#8211; O que fazer para mudar o rumo da a\u00e7\u00e3o e combater as Altera\u00e7\u00f5es Clim\u00e1ticas?"},"content":{"rendered":"<p><a href=\"https:\/\/www.asbeiras.pt\/2021\/10\/opiniao-o-cineeco-e-a-crise-socio-ecologica-como-podem-as-artes-responder-ao-desafio-de-contribuir-para-o-combate-as-alteracoes-climaticas\/fatima-alves-dr-2\/\" rel=\"attachment wp-att-224855\"><img loading=\"lazy\" decoding=\"async\" class=\"aligncenter size-full wp-image-224855\" src=\"https:\/\/www.asbeiras.pt\/wp-content\/uploads\/2021\/10\/fatima-alves-dr-1.png\" alt=\"\" width=\"375\" height=\"336\" \/><\/a><\/p>\n<p>O planeta <strong>Terra<\/strong> como est\u00e1, n\u00e3o pode continuar! Muito se tem falado dos novos modelos de organiza\u00e7\u00e3o social necess\u00e1rios para a mudan\u00e7a, ambientalmente mais sustent\u00e1veis, socialmente mais justos e economicamente solid\u00e1rios. Na verdade, quase sempre o que estamos a falar \u00e9 de modelos econ\u00f3micos que de alguma forma repetem a receita capitalista \u2013 como s\u00e3o os casos, por exemplo, da green economy ou da blue economy que n\u00e3o v\u00e3o mudar o planeta! N\u00e3o tenhamos falsas esperan\u00e7as. A ci\u00eancia vai falando, mas ningu\u00e9m a ouve. Um sistema completamente contradit\u00f3rio na medida em que se financia a ci\u00eancia e se espera que esta e as suas tecnologias encontrem solu\u00e7\u00f5es, mas depois n\u00e3o as ouvem, n\u00e3o as incorporam. As decis\u00f5es n\u00e3o s\u00e3o cient\u00edficas, s\u00e3o eminentemente pol\u00edticas \u2013 e estas t\u00eam sido muito t\u00edmidas face \u00e0s necessidades de mudar AGORA. Amanh\u00e3 \u00e9 tarde! Os mais afetados pelas consequ\u00eancias das altera\u00e7\u00f5es clim\u00e1ticas, os mais vulner\u00e1veis, n\u00e3o est\u00e3o representados nos sectores onde se tomam as decis\u00f5es: a pol\u00edtica e a economia. Os seus saberes n\u00e3o s\u00e3o tidos em conta. \u00c9 nesses setores que se tomam as decis\u00f5es que podem mudar o mundo, e abrir focos de esperan\u00e7a no futuro da humanidade no planeta Terra. Sim, porque os \u2018Bezos\u2019 deste mundo, j\u00e1 t\u00eam um planeta B. N\u00f3s n\u00e3o! Que modelo de desenvolvimento nos serve para manter a vida humana na terra em respeito e equil\u00edbrio com todos os outros elementos da natureza com quem partilhamos esta casa comum? Como elevar as vozes dos marginalizados e dos oprimidos, dos vulner\u00e1veis, os seus saberes e vis\u00f5es? Como faz\u00ea-las chegar l\u00e1, onde se decidem as mudan\u00e7as e se tornam realidade? Que sistemas de participa\u00e7\u00e3o, que sistemas de democracia, que formas de organiza\u00e7\u00e3o favorecem a atua\u00e7\u00e3o na emerg\u00eancia da a\u00e7\u00e3o? Nestes lugares de disputas e lutas pelo poder, temos de conseguir encontrar modelos revolucion\u00e1rios, no sentido de portadores das mudan\u00e7as verdadeiramente transformadoras, que s\u00e3o necess\u00e1rias para que haja esperan\u00e7a para as possibilidades de vida das gera\u00e7\u00f5es vindouras.<br \/>\nE o que cada um de n\u00f3s (individualmente e coletivamente) pode fazer? Neste e em futuros artigos vou deter-me na resposta a esta pergunta, tentando com isso contribuir para uma das principais atividades que podemos desenvolver, at\u00e9 que a voz nos doa, como diz a letra da m\u00fasica, fazendo uso da liberdade de pensamento e de express\u00e3o consagradas na lei.<br \/>\n&#8211; Falar e pensar em conjunto sobre as altera\u00e7\u00f5es clim\u00e1ticas e o que podemos fazer. Fazer ouvir a nossa voz. Isso traduz-se em conversar com os amigos, vizinhos e colegas sobre as altera\u00e7\u00f5es clim\u00e1ticas, partilhar informa\u00e7\u00f5es e conhecimentos e o que fazer para responder \u00e0 emerg\u00eancia da a\u00e7\u00e3o. \u00c9 este n\u00edvel de discuss\u00e3o e envolvimento que poder\u00e1 permitir ultrapassar a solid\u00e3o ontol\u00f3gica do individual e da sua insignific\u00e2ncia face \u00e0 grandiosidade da a\u00e7\u00e3o requerida perante a emerg\u00eancia clim\u00e1tica. \u00c9 esta a\u00e7\u00e3o de partilha com os outros, os nossos pr\u00f3ximos, que nos pode conduzir ao n\u00edvel da ORGANIZA\u00c7\u00c3O, o que nos permitir\u00e1 ultrapassar a solid\u00e3o individual e nos far\u00e1 caminhar lado a lado nesta busca de novas formas de organiza\u00e7\u00e3o que salvem o planeta, a nossa casa comum.<\/p>\n","protected":false},"excerpt":{"rendered":"<p>F\u00e1tima Alves, Professora Universit\u00e1ria e Soci\u00f3loga<\/p>\n","protected":false},"author":1,"featured_media":224855,"comment_status":"open","ping_status":"open","sticky":false,"template":"","format":"standard","meta":{"_acf_changed":false,"footnotes":""},"categories":[31,5],"tags":[540,100,8920],"class_list":["post-241136","post","type-post","status-publish","format-standard","has-post-thumbnail","hentry","category-geral","category-opiniao","tag-fatima-alves","tag-opiniao","tag-terra"],"acf":[],"_links":{"self":[{"href":"https:\/\/critecnow.com\/diariobeiras\/wp-json\/wp\/v2\/posts\/241136","targetHints":{"allow":["GET"]}}],"collection":[{"href":"https:\/\/critecnow.com\/diariobeiras\/wp-json\/wp\/v2\/posts"}],"about":[{"href":"https:\/\/critecnow.com\/diariobeiras\/wp-json\/wp\/v2\/types\/post"}],"author":[{"embeddable":true,"href":"https:\/\/critecnow.com\/diariobeiras\/wp-json\/wp\/v2\/users\/1"}],"replies":[{"embeddable":true,"href":"https:\/\/critecnow.com\/diariobeiras\/wp-json\/wp\/v2\/comments?post=241136"}],"version-history":[{"count":0,"href":"https:\/\/critecnow.com\/diariobeiras\/wp-json\/wp\/v2\/posts\/241136\/revisions"}],"wp:attachment":[{"href":"https:\/\/critecnow.com\/diariobeiras\/wp-json\/wp\/v2\/media?parent=241136"}],"wp:term":[{"taxonomy":"category","embeddable":true,"href":"https:\/\/critecnow.com\/diariobeiras\/wp-json\/wp\/v2\/categories?post=241136"},{"taxonomy":"post_tag","embeddable":true,"href":"https:\/\/critecnow.com\/diariobeiras\/wp-json\/wp\/v2\/tags?post=241136"}],"curies":[{"name":"wp","href":"https:\/\/api.w.org\/{rel}","templated":true}]}}