{"id":241232,"date":"2022-06-27T12:31:47","date_gmt":"2022-06-27T11:31:47","guid":{"rendered":"https:\/\/www.asbeiras.pt\/?p=241232"},"modified":"2022-06-27T12:31:47","modified_gmt":"2022-06-27T11:31:47","slug":"i-feira-industrial-manutencao-em-arganil","status":"publish","type":"post","link":"https:\/\/critecnow.com\/diariobeiras\/i-feira-industrial-manutencao-em-arganil\/","title":{"rendered":"I Feira Industrial Manuten\u00e7\u00e3o em Arganil"},"content":{"rendered":"<p data-uw-styling-context=\"true\"><a href=\"https:\/\/www.asbeiras.pt\/wp-content\/uploads\/2022\/06\/Final_Logo_FIMA_Cor_Hor.png\"><img loading=\"lazy\" decoding=\"async\" class=\"alignnone size-full wp-image-241233\" src=\"https:\/\/www.asbeiras.pt\/wp-content\/uploads\/2022\/06\/Final_Logo_FIMA_Cor_Hor.png\" alt=\"\" width=\"1200\" height=\"628\" \/><\/a><\/p>\n<p class=\"text-paragraph\" data-uw-styling-context=\"true\">O Agrupamento de Escolas de Arganil vai organizar a I Feira Industrial Manuten\u00e7\u00e3o Arganil (FIMA), entre 30 de junho e 02 de julho, de forma a fortalecer a liga\u00e7\u00e3o entre a escola e o mercado de trabalho.<\/p>\n<p class=\"text-paragraph\" data-uw-styling-context=\"true\">O evento, que pretende reunir empresas e profissionais, para partilharem as \u00faltimas novidades da ind\u00fastria e da investiga\u00e7\u00e3o, vai decorrer na Antiga Cer\u00e2mica Arganilense, com a participa\u00e7\u00e3o de entidades como o Instituto Superior de Engenharia de Coimbra, Ordem dos Engenheiros, SEW Eurodrive, Meivcore, Infraestruturas de Portugal, For\u00e7a A\u00e9rea Portuguesa e Super Bock.<\/p>\n<p class=\"text-paragraph\" data-uw-styling-context=\"true\">Durante os tr\u00eas dias de feira, para al\u00e9m da exposi\u00e7\u00e3o permanente, a iniciativa ter\u00e1 a decorrer umas jornadas dedicadas \u00e0 seguran\u00e7a e manuten\u00e7\u00e3o industrial, nos dias 30 de junho e 01 de julho, e uma visita do piloto de todo-o-terreno Elisabete Jacinto no dia 01.<\/p>\n<p class=\"text-paragraph\" data-uw-styling-context=\"true\">A abertura da FIMA ir\u00e1 contar com o presidente da dire\u00e7\u00e3o da Associa\u00e7\u00e3o Portuguesa de Manuten\u00e7\u00e3o Industrial, Jos\u00e9 Sobral, e da diretora da revista \u201cSeguran\u00e7a\u201d, Isabel Santos.<\/p>\n","protected":false},"excerpt":{"rendered":"<p>O Agrupamento de Escolas de Arganil vai organizar a I Feira Industrial Manuten\u00e7\u00e3o Arganil (FIMA), entre 30 de junho e 02 de julho, de forma a fortalecer a liga\u00e7\u00e3o entre a escola e o mercado de trabalho.<\/p>\n","protected":false},"author":1,"featured_media":0,"comment_status":"open","ping_status":"open","sticky":false,"template":"","format":"standard","meta":{"_acf_changed":false,"footnotes":""},"categories":[314,31],"tags":[663,8949,2085],"class_list":["post-241232","post","type-post","status-publish","format-standard","hentry","category-arganil","category-geral","tag-arganil","tag-feira-industrial","tag-manutencao"],"acf":[],"_links":{"self":[{"href":"https:\/\/critecnow.com\/diariobeiras\/wp-json\/wp\/v2\/posts\/241232","targetHints":{"allow":["GET"]}}],"collection":[{"href":"https:\/\/critecnow.com\/diariobeiras\/wp-json\/wp\/v2\/posts"}],"about":[{"href":"https:\/\/critecnow.com\/diariobeiras\/wp-json\/wp\/v2\/types\/post"}],"author":[{"embeddable":true,"href":"https:\/\/critecnow.com\/diariobeiras\/wp-json\/wp\/v2\/users\/1"}],"replies":[{"embeddable":true,"href":"https:\/\/critecnow.com\/diariobeiras\/wp-json\/wp\/v2\/comments?post=241232"}],"version-history":[{"count":0,"href":"https:\/\/critecnow.com\/diariobeiras\/wp-json\/wp\/v2\/posts\/241232\/revisions"}],"wp:attachment":[{"href":"https:\/\/critecnow.com\/diariobeiras\/wp-json\/wp\/v2\/media?parent=241232"}],"wp:term":[{"taxonomy":"category","embeddable":true,"href":"https:\/\/critecnow.com\/diariobeiras\/wp-json\/wp\/v2\/categories?post=241232"},{"taxonomy":"post_tag","embeddable":true,"href":"https:\/\/critecnow.com\/diariobeiras\/wp-json\/wp\/v2\/tags?post=241232"}],"curies":[{"name":"wp","href":"https:\/\/api.w.org\/{rel}","templated":true}]}}