{"id":241954,"date":"2022-07-06T13:57:46","date_gmt":"2022-07-06T12:57:46","guid":{"rendered":"https:\/\/www.asbeiras.pt\/?p=241954"},"modified":"2022-07-06T13:57:46","modified_gmt":"2022-07-06T12:57:46","slug":"centro-de-artes-visuais-de-coimbra-com-exposicoes-de-hugo-canoilas-e-ana-santos","status":"publish","type":"post","link":"https:\/\/critecnow.com\/diariobeiras\/centro-de-artes-visuais-de-coimbra-com-exposicoes-de-hugo-canoilas-e-ana-santos\/","title":{"rendered":"Centro de Artes Visuais de Coimbra com exposi\u00e7\u00f5es de Hugo Canoilas e Ana Santos"},"content":{"rendered":"<div id=\"attachment_217221\" style=\"width: 1210px\" class=\"wp-caption alignnone\"><a href=\"https:\/\/www.asbeiras.pt\/wp-content\/uploads\/2021\/05\/0_Centro_de_Artes_Visuais_Antigo_ColC3A9gio_das_Artes_Coimbra_IMG_9175.jpg\"><img loading=\"lazy\" decoding=\"async\" aria-describedby=\"caption-attachment-217221\" class=\"size-full wp-image-217221\" src=\"https:\/\/www.asbeiras.pt\/wp-content\/uploads\/2021\/05\/0_Centro_de_Artes_Visuais_Antigo_ColC3A9gio_das_Artes_Coimbra_IMG_9175.jpg\" alt=\"\" width=\"1200\" height=\"628\" \/><\/a><p id=\"caption-attachment-217221\" class=\"wp-caption-text\">FOTO DR<\/p><\/div>\n<p data-uw-styling-context=\"true\">O Centro de Artes Visuais (CAV) de Coimbra inaugura no s\u00e1bado exposi\u00e7\u00f5es de Hugo Canoilas e de Ana Santos, integradas no ciclo &#8220;Museu das Obsess\u00f5es&#8221;, programado por Ana Anacleto.<\/p>\n<p class=\"text-paragraph\" data-uw-styling-context=\"true\">Aquele espa\u00e7o cultural de Coimbra, sediado no P\u00e1tio da Inquisi\u00e7\u00e3o, vai acolher a exposi\u00e7\u00e3o &#8220;Phatasmagoria&#8221;, de Hugo Canoilas, e &#8220;vis-\u00e0-vis&#8221;, de Ana Santos, dando continuidade ao ciclo que arrancou em 2020, revelou hoje o CAV, em nota de imprensa enviada \u00e0 ag\u00eancia Lusa.<\/p>\n<p class=\"text-paragraph\" data-uw-styling-context=\"true\">As duas exposi\u00e7\u00f5es, que ser\u00e3o inauguradas no s\u00e1bado, \u00e0s 22:00, estar\u00e3o patentes at\u00e9 25 de setembro.<\/p>\n<p class=\"text-paragraph\" data-uw-styling-context=\"true\">&#8220;Phantasmagoria&#8221;, de Hugo Canoilas, artista que vive entre Lisboa e Viena (\u00c1ustria), consiste numa &#8220;grande instala\u00e7\u00e3o pict\u00f3rica concebida especialmente para o contexto desta exposi\u00e7\u00e3o&#8221;.<\/p>\n<p class=\"text-paragraph\" data-uw-styling-context=\"true\">A exposi\u00e7\u00e3o, que estar\u00e1 na sala principal, d\u00e1 continuidade &#8220;\u00e0 mais recente investiga\u00e7\u00e3o que o artista tem vindo a aprofundar em torno dos universos marinhos, das suas mitologias e dos seus ecossistemas, enquanto met\u00e1foras de equil\u00edbrio, sabedoria e partilha interseccional&#8221;, salientou o CAV.<\/p>\n<p class=\"text-paragraph\" data-uw-styling-context=\"true\">J\u00e1 na sala &#8220;Project Room&#8221;, vocacionada para projetos com um car\u00e1cter mais experimental, estar\u00e1 &#8220;vis-\u00e0-vis&#8221;, de Ana Santos, &#8220;concebida a partir de uma cuidada articula\u00e7\u00e3o entre um pequeno conjunto de obras escult\u00f3ricas pr\u00e9-existentes, in\u00e9ditas em contexto nacional&#8221;.<\/p>\n<p class=\"text-paragraph\" data-uw-styling-context=\"true\">O ciclo de exposi\u00e7\u00f5es &#8220;Museu das Obsess\u00f5es&#8221; est\u00e1 assente &#8220;numa ideia de liberdade e de transversalidade&#8221;, e pretende promover &#8220;o cruzamento entre as v\u00e1rias \u00e1reas disciplinares, dedicando especial aten\u00e7\u00e3o aos artistas cuja pr\u00e1tica se afirma numa rela\u00e7\u00e3o decorrente das quest\u00f5es da imagem, mas cuja atividade se localiza num territ\u00f3rio de fronteira&#8221;, real\u00e7ou o CAV.<\/p>\n","protected":false},"excerpt":{"rendered":"<p>O Centro de Artes Visuais (CAV) de Coimbra inaugura no s\u00e1bado exposi\u00e7\u00f5es de Hugo Canoilas e de Ana Santos, integradas no ciclo &#8220;Museu das Obsess\u00f5es&#8221;, programado por Ana Anacleto.<\/p>\n","protected":false},"author":1,"featured_media":0,"comment_status":"open","ping_status":"open","sticky":false,"template":"","format":"standard","meta":{"_acf_changed":false,"footnotes":""},"categories":[39,31],"tags":[1884,40,9154],"class_list":["post-241954","post","type-post","status-publish","format-standard","hentry","category-coimbra-2","category-geral","tag-centro-de-artes-visuais","tag-coimbra","tag-exposicoes"],"acf":[],"_links":{"self":[{"href":"https:\/\/critecnow.com\/diariobeiras\/wp-json\/wp\/v2\/posts\/241954","targetHints":{"allow":["GET"]}}],"collection":[{"href":"https:\/\/critecnow.com\/diariobeiras\/wp-json\/wp\/v2\/posts"}],"about":[{"href":"https:\/\/critecnow.com\/diariobeiras\/wp-json\/wp\/v2\/types\/post"}],"author":[{"embeddable":true,"href":"https:\/\/critecnow.com\/diariobeiras\/wp-json\/wp\/v2\/users\/1"}],"replies":[{"embeddable":true,"href":"https:\/\/critecnow.com\/diariobeiras\/wp-json\/wp\/v2\/comments?post=241954"}],"version-history":[{"count":0,"href":"https:\/\/critecnow.com\/diariobeiras\/wp-json\/wp\/v2\/posts\/241954\/revisions"}],"wp:attachment":[{"href":"https:\/\/critecnow.com\/diariobeiras\/wp-json\/wp\/v2\/media?parent=241954"}],"wp:term":[{"taxonomy":"category","embeddable":true,"href":"https:\/\/critecnow.com\/diariobeiras\/wp-json\/wp\/v2\/categories?post=241954"},{"taxonomy":"post_tag","embeddable":true,"href":"https:\/\/critecnow.com\/diariobeiras\/wp-json\/wp\/v2\/tags?post=241954"}],"curies":[{"name":"wp","href":"https:\/\/api.w.org\/{rel}","templated":true}]}}