{"id":242103,"date":"2022-07-08T14:51:08","date_gmt":"2022-07-08T13:51:08","guid":{"rendered":"https:\/\/www.asbeiras.pt\/?p=242103"},"modified":"2022-07-08T14:51:08","modified_gmt":"2022-07-08T13:51:08","slug":"miranda-do-corvo-espetaculo-a-espera-que-volte-no-sabado","status":"publish","type":"post","link":"https:\/\/critecnow.com\/diariobeiras\/miranda-do-corvo-espetaculo-a-espera-que-volte-no-sabado\/","title":{"rendered":"Miranda do Corvo: Espet\u00e1culo \u201c\u00c0 espera que volte\u201d no s\u00e1bado"},"content":{"rendered":"<p><a href=\"https:\/\/www.asbeiras.pt\/wp-content\/uploads\/2014\/02\/Casa-das-artes-Miranda-Corvo.jpg\"><img loading=\"lazy\" decoding=\"async\" class=\"alignnone size-full wp-image-96324\" src=\"https:\/\/www.asbeiras.pt\/wp-content\/uploads\/2014\/02\/Casa-das-artes-Miranda-Corvo.jpg\" alt=\"\" width=\"300\" height=\"236\" \/><\/a><\/p>\n<p class=\"text-paragraph\">A C\u00e2mara Municipal de Miranda do Corvo informou que o projeto \u2018Anjinhos &amp; Diabinhos\u2019 apresentam \u201c\u00c0 espera que volte\u201d, do Teatro de Montemuro, na Casa das Artes, em Miranda do Corvo, no s\u00e1bado, pelas 10:30.<\/p>\n<p class=\"text-paragraph\">\u201cO Teatro do Montemuro v\u00ea no projeto \u2018\u00c0 Espera que volte\u2019 a necessidade de reflex\u00e3o e a consciencializa\u00e7\u00e3o atrav\u00e9s dos mais jovens, sobre a import\u00e2ncia da \u00e1gua e sustentabilidade dos recursos naturais\u201d, referiu aquele munic\u00edpio do distrito de Coimbra.<\/p>\n<p class=\"text-paragraph\">A entrada para o espet\u00e1culo \u00e9 gratuita, mediante reserva para o endere\u00e7o eletr\u00f3nico\u00a0cultura@cm-mirandadocorvo.pt, ou atrav\u00e9s dos n\u00fameros 239 530 316 ou 239 530 326.<\/p>\n","protected":false},"excerpt":{"rendered":"<p>A C\u00e2mara Municipal de Miranda do Corvo informou que o projeto \u2018Anjinhos &#038; Diabinhos\u2019 apresentam \u201c\u00c0 espera que volte\u201d, do Teatro de Montemuro, na Casa das Artes, em Miranda do Corvo, no s\u00e1bado, pelas 10:30.<\/p>\n","protected":false},"author":1,"featured_media":0,"comment_status":"open","ping_status":"open","sticky":false,"template":"","format":"standard","meta":{"_acf_changed":false,"footnotes":""},"categories":[31,176],"tags":[7109,392,2088],"class_list":["post-242103","post","type-post","status-publish","format-standard","hentry","category-geral","category-miranda-do-corvo","tag-casa-das-artes","tag-espetaculo","tag-miranda-do-corvo"],"acf":[],"_links":{"self":[{"href":"https:\/\/critecnow.com\/diariobeiras\/wp-json\/wp\/v2\/posts\/242103","targetHints":{"allow":["GET"]}}],"collection":[{"href":"https:\/\/critecnow.com\/diariobeiras\/wp-json\/wp\/v2\/posts"}],"about":[{"href":"https:\/\/critecnow.com\/diariobeiras\/wp-json\/wp\/v2\/types\/post"}],"author":[{"embeddable":true,"href":"https:\/\/critecnow.com\/diariobeiras\/wp-json\/wp\/v2\/users\/1"}],"replies":[{"embeddable":true,"href":"https:\/\/critecnow.com\/diariobeiras\/wp-json\/wp\/v2\/comments?post=242103"}],"version-history":[{"count":0,"href":"https:\/\/critecnow.com\/diariobeiras\/wp-json\/wp\/v2\/posts\/242103\/revisions"}],"wp:attachment":[{"href":"https:\/\/critecnow.com\/diariobeiras\/wp-json\/wp\/v2\/media?parent=242103"}],"wp:term":[{"taxonomy":"category","embeddable":true,"href":"https:\/\/critecnow.com\/diariobeiras\/wp-json\/wp\/v2\/categories?post=242103"},{"taxonomy":"post_tag","embeddable":true,"href":"https:\/\/critecnow.com\/diariobeiras\/wp-json\/wp\/v2\/tags?post=242103"}],"curies":[{"name":"wp","href":"https:\/\/api.w.org\/{rel}","templated":true}]}}