{"id":242467,"date":"2022-07-14T17:09:26","date_gmt":"2022-07-14T16:09:26","guid":{"rendered":"https:\/\/www.asbeiras.pt\/?p=242467"},"modified":"2022-07-14T17:09:26","modified_gmt":"2022-07-14T16:09:26","slug":"regiao-centro-desafiada-a-assumir-politicas-publicas-para-sustentabilidade-da-cultura","status":"publish","type":"post","link":"https:\/\/critecnow.com\/diariobeiras\/regiao-centro-desafiada-a-assumir-politicas-publicas-para-sustentabilidade-da-cultura\/","title":{"rendered":"Regi\u00e3o Centro desafiada a assumir pol\u00edticas p\u00fablicas para sustentabilidade da cultura"},"content":{"rendered":"<p><a href=\"https:\/\/www.asbeiras.pt\/wp-content\/uploads\/2022\/07\/13-montemor-2.jpg\"><img loading=\"lazy\" decoding=\"async\" class=\"alignnone size-medium wp-image-242482\" src=\"https:\/\/www.asbeiras.pt\/wp-content\/uploads\/2022\/07\/13-montemor-2-300x157.jpg\" alt=\"\" width=\"300\" height=\"157\" \/><\/a><\/p>\n<p>A Regi\u00e3o Centro foi desafiada a elaborar a primeira declara\u00e7\u00e3o de princ\u00edpios de pol\u00edticas p\u00fablicas para a Cultura, um compromisso regional para assegurar o seu futuro sustent\u00e1vel, revelou hoje a diretora regional de Cultura do Centro, Suzana Menezes.<\/p>\n<p class=\"text-paragraph\">\u201cEsta declara\u00e7\u00e3o pretende assumir-se como um compromisso, de escala regional, sobre os princ\u00edpios fundadores para o desenho e implementa\u00e7\u00e3o de pol\u00edticas p\u00fablicas que assegurem um futuro sustent\u00e1vel para a Cultura, a Arte e o Patrim\u00f3nio na Regi\u00e3o Centro\u201d, explicou.<\/p>\n<p class=\"text-paragraph\">Em declara\u00e7\u00f5es \u00e0 ag\u00eancia Lusa, Suzana Menezes sublinhou que falta elaborar esta vis\u00e3o conjunta da Regi\u00e3o Centro relativamente \u00e0 sustentabilidade da cultura.<\/p>\n<p class=\"text-paragraph\">\u201cA cultura tem um papel social a cumprir no seu territ\u00f3rio, \u00e9 um setor com potencial positivo num conjunto de outros setores, desde logo o turismo, mas por si a cultura n\u00e3o \u00e9 um ativo tur\u00edstico. Se a cultura \u00e9 em si alguma coisa, vamos definir essa alguma coisa intrinsecamente e definir para essa alguma coisa uma vis\u00e3o de pol\u00edtica p\u00fablica, na qual toda a regi\u00e3o se possa comprometer em termos de grandes princ\u00edpios estrat\u00e9gicos\u201d.<\/p>\n<p class=\"text-paragraph\"><em><strong>Toda a informa\u00e7\u00e3o na edi\u00e7\u00e3o impressa e digital de amanh\u00e3 do DI\u00c1RIO AS BEIRAS <\/strong><\/em><\/p>\n","protected":false},"excerpt":{"rendered":"<p>A Regi\u00e3o Centro foi desafiada a elaborar a primeira declara\u00e7\u00e3o de princ\u00edpios de pol\u00edticas p\u00fablicas para a Cultura, um compromisso regional para assegurar o seu futuro sustent\u00e1vel, revelou hoje a diretora regional de Cultura do Centro, Suzana Menezes.<\/p>\n","protected":false},"author":1,"featured_media":242482,"comment_status":"open","ping_status":"open","sticky":false,"template":"","format":"standard","meta":{"_acf_changed":false,"footnotes":""},"categories":[39,31],"tags":[558,9259,1422],"class_list":["post-242467","post","type-post","status-publish","format-standard","has-post-thumbnail","hentry","category-coimbra-2","category-geral","tag-cultura","tag-drec","tag-sustentabilidade"],"acf":[],"_links":{"self":[{"href":"https:\/\/critecnow.com\/diariobeiras\/wp-json\/wp\/v2\/posts\/242467","targetHints":{"allow":["GET"]}}],"collection":[{"href":"https:\/\/critecnow.com\/diariobeiras\/wp-json\/wp\/v2\/posts"}],"about":[{"href":"https:\/\/critecnow.com\/diariobeiras\/wp-json\/wp\/v2\/types\/post"}],"author":[{"embeddable":true,"href":"https:\/\/critecnow.com\/diariobeiras\/wp-json\/wp\/v2\/users\/1"}],"replies":[{"embeddable":true,"href":"https:\/\/critecnow.com\/diariobeiras\/wp-json\/wp\/v2\/comments?post=242467"}],"version-history":[{"count":0,"href":"https:\/\/critecnow.com\/diariobeiras\/wp-json\/wp\/v2\/posts\/242467\/revisions"}],"wp:attachment":[{"href":"https:\/\/critecnow.com\/diariobeiras\/wp-json\/wp\/v2\/media?parent=242467"}],"wp:term":[{"taxonomy":"category","embeddable":true,"href":"https:\/\/critecnow.com\/diariobeiras\/wp-json\/wp\/v2\/categories?post=242467"},{"taxonomy":"post_tag","embeddable":true,"href":"https:\/\/critecnow.com\/diariobeiras\/wp-json\/wp\/v2\/tags?post=242467"}],"curies":[{"name":"wp","href":"https:\/\/api.w.org\/{rel}","templated":true}]}}