{"id":242808,"date":"2022-07-20T11:34:03","date_gmt":"2022-07-20T10:34:03","guid":{"rendered":"https:\/\/www.asbeiras.pt\/?p=242808"},"modified":"2022-07-20T11:34:03","modified_gmt":"2022-07-20T10:34:03","slug":"teach-for-portugal-promove-academia-de-ferias-gratuita","status":"publish","type":"post","link":"https:\/\/critecnow.com\/diariobeiras\/teach-for-portugal-promove-academia-de-ferias-gratuita\/","title":{"rendered":"Teach for Portugal promove academia de f\u00e9rias gratuita"},"content":{"rendered":"<p><a href=\"https:\/\/www.asbeiras.pt\/wp-content\/uploads\/2022\/07\/06-academia-verao-DR.jpg\"><img loading=\"lazy\" decoding=\"async\" class=\"alignnone wp-image-242809 size-large\" src=\"https:\/\/www.asbeiras.pt\/wp-content\/uploads\/2022\/07\/06-academia-verao-DR-1024x512.jpg\" alt=\"\" width=\"650\" height=\"325\" \/><\/a><\/p>\n<p>A Teach For Portugal quer trazer ao CAIC, em Cernache, nas pr\u00f3ximas semanas, uma academia de f\u00e9rias para todos os jovens e totalmente gratuita.<\/p>\n<p>A associa\u00e7\u00e3o sem fins lucrativos, que tem como objetivo que todas as crian\u00e7as tenham acesso a uma educa\u00e7\u00e3o que lhes permita desenvolver o seu m\u00e1ximo potencial, independentemente do seu contexto socioecon\u00f3mico, est\u00e1 a organizar uma academia de f\u00e9rias totalmente gratuita para crian\u00e7as com dificuldades sociais desenvolverem o m\u00e1ximo potencial e cultivar o gosto pela aprendizagem.<\/p>\n<p>Catarina Ferreira, gestora de marketing e comunica\u00e7\u00e3o da associa\u00e7\u00e3o, falou com o DI\u00c1RIO AS BEIRAS explicou o objetivo da academia de f\u00e9rias. \u201cN\u00f3s queremos que as crian\u00e7as, atrav\u00e9s de jogos, consigam criar uma liga\u00e7\u00e3o com conte\u00fados de portugu\u00eas, ingl\u00eas, matem\u00e1tica e que desenvolvam compet\u00eancias sociais como a lideran\u00e7a ou a comunica\u00e7\u00e3o\u201d, afirmou.<\/p>\n<p>As inscri\u00e7\u00f5es para a academia de ver\u00e3o ainda est\u00e3o abertas e poder\u00e3o ser feitas atrav\u00e9s do link <a href=\"http:\/\/www.tfaforms.com\/4832258\">www.tfaforms.com\/4832258\u00a0<\/a>.<\/p>\n<p>Pode ler a not\u00edcia na integra na edi\u00e7\u00e3o de hoje do DI\u00c1RIO AS BEIRAS<\/p>\n","protected":false},"excerpt":{"rendered":"<p>A Teach For Portugal quer trazer ao CAIC, em Cernache, nas pr\u00f3ximas semanas, uma academia de f\u00e9rias para todos os jovens e totalmente gratuita. A associa\u00e7\u00e3o sem fins lucrativos, que tem como objetivo que todas as crian\u00e7as tenham acesso a uma educa\u00e7\u00e3o que lhes permita desenvolver o seu m\u00e1ximo potencial, independentemente do seu contexto socioecon\u00f3mico, [&hellip;]<\/p>\n","protected":false},"author":1,"featured_media":242809,"comment_status":"open","ping_status":"open","sticky":false,"template":"","format":"standard","meta":{"_acf_changed":false,"footnotes":""},"categories":[39,31],"tags":[9312,305],"class_list":["post-242808","post","type-post","status-publish","format-standard","has-post-thumbnail","hentry","category-coimbra-2","category-geral","tag-academia-de-verao","tag-cernache"],"acf":[],"_links":{"self":[{"href":"https:\/\/critecnow.com\/diariobeiras\/wp-json\/wp\/v2\/posts\/242808","targetHints":{"allow":["GET"]}}],"collection":[{"href":"https:\/\/critecnow.com\/diariobeiras\/wp-json\/wp\/v2\/posts"}],"about":[{"href":"https:\/\/critecnow.com\/diariobeiras\/wp-json\/wp\/v2\/types\/post"}],"author":[{"embeddable":true,"href":"https:\/\/critecnow.com\/diariobeiras\/wp-json\/wp\/v2\/users\/1"}],"replies":[{"embeddable":true,"href":"https:\/\/critecnow.com\/diariobeiras\/wp-json\/wp\/v2\/comments?post=242808"}],"version-history":[{"count":0,"href":"https:\/\/critecnow.com\/diariobeiras\/wp-json\/wp\/v2\/posts\/242808\/revisions"}],"wp:featuredmedia":[{"embeddable":true,"href":"https:\/\/critecnow.com\/diariobeiras\/wp-json\/"}],"wp:attachment":[{"href":"https:\/\/critecnow.com\/diariobeiras\/wp-json\/wp\/v2\/media?parent=242808"}],"wp:term":[{"taxonomy":"category","embeddable":true,"href":"https:\/\/critecnow.com\/diariobeiras\/wp-json\/wp\/v2\/categories?post=242808"},{"taxonomy":"post_tag","embeddable":true,"href":"https:\/\/critecnow.com\/diariobeiras\/wp-json\/wp\/v2\/tags?post=242808"}],"curies":[{"name":"wp","href":"https:\/\/api.w.org\/{rel}","templated":true}]}}