{"id":242933,"date":"2022-07-22T16:55:40","date_gmt":"2022-07-22T15:55:40","guid":{"rendered":"https:\/\/www.asbeiras.pt\/?p=242933"},"modified":"2022-07-22T16:55:40","modified_gmt":"2022-07-22T15:55:40","slug":"opiniao-a-bienal-das-coletividades-deve-ser-retomada-sim","status":"publish","type":"post","link":"https:\/\/critecnow.com\/diariobeiras\/opiniao-a-bienal-das-coletividades-deve-ser-retomada-sim\/","title":{"rendered":"Opini\u00e3o: A bienal das coletividades deve ser retomada? SIM"},"content":{"rendered":"<p><a href=\"https:\/\/www.asbeiras.pt\/wp-content\/uploads\/2022\/07\/TEOTONIO-CAVACO.jpg\"><img loading=\"lazy\" decoding=\"async\" class=\"alignnone size-full wp-image-242061\" src=\"https:\/\/www.asbeiras.pt\/wp-content\/uploads\/2022\/07\/TEOTONIO-CAVACO.jpg\" alt=\"\" width=\"1200\" height=\"628\"\/><\/a><\/p>\n<p>SIM<\/p>\n<p>Qualquer ato cultural, independentemente da sua natureza (h\u00e1bito, cren\u00e7a e\/ou conhecimento) ou da sua manifesta\u00e7\u00e3o (mais popular ou mais elitista) pressup\u00f5e um agente emissor e um outro recetor, singular ou coletivo, nos dois casos.<\/p>\n<p>As coletividades do concelho da Figueira, na sua diversidade e hist\u00f3ria, representam um valor material e imaterial que temos, como comunidade, de conhecer, de defender e de legar.<\/p>\n<p>A Bienal das coletividades surgiu precisamente para mostrar, o que pressup\u00f5e o usufruto de satisfa\u00e7\u00e3o do dever cumprido de quem o est\u00e1 a fazer, mas igual e desejavelmente, numa propor\u00e7\u00e3o igual ou maior, de quem o recebe, ficando este com uma responsabilidade acrescida, que \u00e9 a de, a partir da\u00ed, colaborar na preserva\u00e7\u00e3o, material e imaterial, do bem do qual se apropriou.<\/p>\n<p>Ora, \u00e9 esta lacuna que temos de preencher, mas s\u00f3 haver\u00e1 Bienal se houver coletividades, e estas se conseguirem sobreviver, por um lado \u00e0s dificuldades que j\u00e1 atravessavam, a que se juntou o Leslie, nalguns casos, e o Covid-19, para todos, depauperando recursos materiais e humanos, vontades e h\u00e1bitos.<\/p>\n<p>\u00c9 esta Causa, que \u00e9 de cada um, individualmente, e dos Poderes, Pol\u00edtico, Civil, Religioso, Militar, que precisamos assumir \u2013 antes que seja tarde!<\/p>\n","protected":false},"excerpt":{"rendered":"<p>Teot\u00f3nio Cavaco<\/p>\n","protected":false},"author":1,"featured_media":0,"comment_status":"open","ping_status":"open","sticky":false,"template":"","format":"standard","meta":{"_acf_changed":false,"footnotes":""},"categories":[31,5],"tags":[100,6784],"class_list":["post-242933","post","type-post","status-publish","format-standard","hentry","category-geral","category-opiniao","tag-opiniao","tag-teotonio-cavaco"],"acf":[],"_links":{"self":[{"href":"https:\/\/critecnow.com\/diariobeiras\/wp-json\/wp\/v2\/posts\/242933","targetHints":{"allow":["GET"]}}],"collection":[{"href":"https:\/\/critecnow.com\/diariobeiras\/wp-json\/wp\/v2\/posts"}],"about":[{"href":"https:\/\/critecnow.com\/diariobeiras\/wp-json\/wp\/v2\/types\/post"}],"author":[{"embeddable":true,"href":"https:\/\/critecnow.com\/diariobeiras\/wp-json\/wp\/v2\/users\/1"}],"replies":[{"embeddable":true,"href":"https:\/\/critecnow.com\/diariobeiras\/wp-json\/wp\/v2\/comments?post=242933"}],"version-history":[{"count":0,"href":"https:\/\/critecnow.com\/diariobeiras\/wp-json\/wp\/v2\/posts\/242933\/revisions"}],"wp:attachment":[{"href":"https:\/\/critecnow.com\/diariobeiras\/wp-json\/wp\/v2\/media?parent=242933"}],"wp:term":[{"taxonomy":"category","embeddable":true,"href":"https:\/\/critecnow.com\/diariobeiras\/wp-json\/wp\/v2\/categories?post=242933"},{"taxonomy":"post_tag","embeddable":true,"href":"https:\/\/critecnow.com\/diariobeiras\/wp-json\/wp\/v2\/tags?post=242933"}],"curies":[{"name":"wp","href":"https:\/\/api.w.org\/{rel}","templated":true}]}}