{"id":243344,"date":"2022-07-29T12:51:49","date_gmt":"2022-07-29T11:51:49","guid":{"rendered":"https:\/\/www.asbeiras.pt\/?p=243344"},"modified":"2022-07-29T12:51:49","modified_gmt":"2022-07-29T11:51:49","slug":"opiniao-buarcos-deve-voltar-a-ter-posto-de-turismo-4","status":"publish","type":"post","link":"https:\/\/critecnow.com\/diariobeiras\/opiniao-buarcos-deve-voltar-a-ter-posto-de-turismo-4\/","title":{"rendered":"Opini\u00e3o: Buarcos deve voltar a ter posto de turismo?"},"content":{"rendered":"<p><a href=\"https:\/\/www.asbeiras.pt\/wp-content\/uploads\/2021\/12\/TEOTONIO-CAVACO.jpg\"><img loading=\"lazy\" decoding=\"async\" class=\"alignnone size-full wp-image-229118\" src=\"https:\/\/www.asbeiras.pt\/wp-content\/uploads\/2021\/12\/TEOTONIO-CAVACO.jpg\" alt=\"\" width=\"1200\" height=\"629\" \/><\/a><\/p>\n<p>N\u00c3O<br \/>\nQualquer decis\u00e3o deve ser tomada tendo em conta diversos crit\u00e9rios, entre os quais a rela\u00e7\u00e3o custo-benef\u00edcio e a sustentabilidade.<br \/>\nOra, embora equacionando eventuais problemas que adv\u00eam de uma excessiva desmaterializa\u00e7\u00e3o dos processos, as respostas que encontrarmos t\u00eam de estar alinhadas com os cinco objetivos estrat\u00e9gicos da Uni\u00e3o Europeia: uma Europa mais inteligente, mais verde, mais conectada, mais social e mais pr\u00f3xima dos cidad\u00e3os.<br \/>\nPortanto, num mundo que est\u00e1 a interiorizar, de forma inexor\u00e1vel e cada vez mais r\u00e1pida, a presen\u00e7a da tecnologia nas mais simples tarefas das nossas vidas quotidianas, num mundo em que uma boa parte das pessoas, mais ou menos jovens, j\u00e1 realiza, atrav\u00e9s da internet, opera\u00e7\u00f5es (sem precisar de um computador, visto que os smartphones e os smartwatches os tornaram dispens\u00e1veis), tais como transfer\u00eancias banc\u00e1rias, pedir as compras de supermercado ou simplesmente comprar um carro, n\u00e3o concordo que se continue a pensar, a agir e a gastar dinheiro em estruturas f\u00edsicas e materiais, cujo benef\u00edcio \u00e9 clara e progressivamente menor aos recursos nelas aplicados.<br \/>\nPelo contr\u00e1rio, na Figueira muito h\u00e1 a fazer no campo do turismo digital, sendo urgente criar este setor, definir objetivos mensur\u00e1veis e uma estrat\u00e9gia, e a ele alocar recursos materiais e humanos, provindos, quer das Institui\u00e7\u00f5es p\u00fablicas, quer das privadas. Pode ser #FigueiraDigital2030.<\/p>\n","protected":false},"excerpt":{"rendered":"<p>Teot\u00f3nio Cavaco<\/p>\n","protected":false},"author":1,"featured_media":229118,"comment_status":"open","ping_status":"open","sticky":false,"template":"","format":"standard","meta":{"_acf_changed":false,"footnotes":""},"categories":[31,5],"tags":[100,6784],"class_list":["post-243344","post","type-post","status-publish","format-standard","has-post-thumbnail","hentry","category-geral","category-opiniao","tag-opiniao","tag-teotonio-cavaco"],"acf":[],"_links":{"self":[{"href":"https:\/\/critecnow.com\/diariobeiras\/wp-json\/wp\/v2\/posts\/243344","targetHints":{"allow":["GET"]}}],"collection":[{"href":"https:\/\/critecnow.com\/diariobeiras\/wp-json\/wp\/v2\/posts"}],"about":[{"href":"https:\/\/critecnow.com\/diariobeiras\/wp-json\/wp\/v2\/types\/post"}],"author":[{"embeddable":true,"href":"https:\/\/critecnow.com\/diariobeiras\/wp-json\/wp\/v2\/users\/1"}],"replies":[{"embeddable":true,"href":"https:\/\/critecnow.com\/diariobeiras\/wp-json\/wp\/v2\/comments?post=243344"}],"version-history":[{"count":0,"href":"https:\/\/critecnow.com\/diariobeiras\/wp-json\/wp\/v2\/posts\/243344\/revisions"}],"wp:attachment":[{"href":"https:\/\/critecnow.com\/diariobeiras\/wp-json\/wp\/v2\/media?parent=243344"}],"wp:term":[{"taxonomy":"category","embeddable":true,"href":"https:\/\/critecnow.com\/diariobeiras\/wp-json\/wp\/v2\/categories?post=243344"},{"taxonomy":"post_tag","embeddable":true,"href":"https:\/\/critecnow.com\/diariobeiras\/wp-json\/wp\/v2\/tags?post=243344"}],"curies":[{"name":"wp","href":"https:\/\/api.w.org\/{rel}","templated":true}]}}