{"id":244005,"date":"2022-08-10T18:03:34","date_gmt":"2022-08-10T17:03:34","guid":{"rendered":"https:\/\/www.asbeiras.pt\/?p=244005"},"modified":"2022-08-10T18:03:34","modified_gmt":"2022-08-10T17:03:34","slug":"repavimentacao-condiciona-transito-em-tres-ruas-de-coimbra","status":"publish","type":"post","link":"https:\/\/critecnow.com\/diariobeiras\/repavimentacao-condiciona-transito-em-tres-ruas-de-coimbra\/","title":{"rendered":"Repavimenta\u00e7\u00e3o condiciona tr\u00e2nsito em tr\u00eas ruas de Coimbra"},"content":{"rendered":"<p><a href=\"https:\/\/www.asbeiras.pt\/wp-content\/uploads\/2022\/08\/Rua-Transito.jpg\"><img loading=\"lazy\" decoding=\"async\" class=\"alignnone size-full wp-image-244006\" src=\"https:\/\/www.asbeiras.pt\/wp-content\/uploads\/2022\/08\/Rua-Transito.jpg\" alt=\"\" width=\"1200\" height=\"628\" \/><\/a><\/p>\n<p class=\"text-paragraph\">A C\u00e2mara de Coimbra anunciou que nos pr\u00f3ximos dias, v\u00e3o existir condicionamentos de tr\u00e2nsito nas ruas Bernardo de Albuquerque (dia 11), Andr\u00e9 Gouveia (12) e Nicolau Chanterene (16 e 17), todas na freguesia de Santo Ant\u00f3nio dos Olivais, devido a repavimenta\u00e7\u00f5es.<\/p>\n<p class=\"text-paragraph\">\u201cEsta interven\u00e7\u00e3o enquadra-se na ampla opera\u00e7\u00e3o de\u00a0requalifica\u00e7\u00e3o da rede vi\u00e1ria do concelho, que representa um investimento global superior a cinco milh\u00f5es de euros\u201d, segundo a autarquia.<\/p>\n<p class=\"text-paragraph\">Esta empreitada abrange toda a \u00e1rea geogr\u00e1fica do munic\u00edpio e a contrata\u00e7\u00e3o foi realizada por lotes.<\/p>\n<p class=\"text-paragraph\">\u201cEsta \u00e9 uma opera\u00e7\u00e3o que visa a conserva\u00e7\u00e3o da rede vi\u00e1ria de todo o concelho, com maior incid\u00eancia na requalifica\u00e7\u00e3o dos pavimentos rodovi\u00e1rios betuminosos, mas que inclui tamb\u00e9m a conserva\u00e7\u00e3o e requalifica\u00e7\u00e3o de diversos outros elementos que integram a plataforma vi\u00e1ria, designadamente pavimentos em cal\u00e7ada, passeios, bermas, valetas, drenagens, taludes, muros de suporte, guardas de seguran\u00e7a e sinaliza\u00e7\u00e3o horizontal\u201d, acrescenta.<\/p>\n<p class=\"text-paragraph\">\n","protected":false},"excerpt":{"rendered":"<p>A C\u00e2mara de Coimbra anunciou que nos pr\u00f3ximos dias, v\u00e3o existir condicionamentos de tr\u00e2nsito nas ruas Bernardo de Albuquerque (dia 11), Andr\u00e9 Gouveia (12) e Nicolau Chanterene (16 e 17), devido a repavimenta\u00e7\u00f5es.<\/p>\n","protected":false},"author":1,"featured_media":244006,"comment_status":"open","ping_status":"open","sticky":false,"template":"","format":"standard","meta":{"_acf_changed":false,"footnotes":""},"categories":[39,31],"tags":[40,9499,944],"class_list":["post-244005","post","type-post","status-publish","format-standard","has-post-thumbnail","hentry","category-coimbra-2","category-geral","tag-coimbra","tag-repavimentacao","tag-transito"],"acf":[],"_links":{"self":[{"href":"https:\/\/critecnow.com\/diariobeiras\/wp-json\/wp\/v2\/posts\/244005","targetHints":{"allow":["GET"]}}],"collection":[{"href":"https:\/\/critecnow.com\/diariobeiras\/wp-json\/wp\/v2\/posts"}],"about":[{"href":"https:\/\/critecnow.com\/diariobeiras\/wp-json\/wp\/v2\/types\/post"}],"author":[{"embeddable":true,"href":"https:\/\/critecnow.com\/diariobeiras\/wp-json\/wp\/v2\/users\/1"}],"replies":[{"embeddable":true,"href":"https:\/\/critecnow.com\/diariobeiras\/wp-json\/wp\/v2\/comments?post=244005"}],"version-history":[{"count":0,"href":"https:\/\/critecnow.com\/diariobeiras\/wp-json\/wp\/v2\/posts\/244005\/revisions"}],"wp:attachment":[{"href":"https:\/\/critecnow.com\/diariobeiras\/wp-json\/wp\/v2\/media?parent=244005"}],"wp:term":[{"taxonomy":"category","embeddable":true,"href":"https:\/\/critecnow.com\/diariobeiras\/wp-json\/wp\/v2\/categories?post=244005"},{"taxonomy":"post_tag","embeddable":true,"href":"https:\/\/critecnow.com\/diariobeiras\/wp-json\/wp\/v2\/tags?post=244005"}],"curies":[{"name":"wp","href":"https:\/\/api.w.org\/{rel}","templated":true}]}}