{"id":244362,"date":"2022-08-17T18:35:42","date_gmt":"2022-08-17T17:35:42","guid":{"rendered":"https:\/\/www.asbeiras.pt\/?p=244362"},"modified":"2022-08-17T18:35:42","modified_gmt":"2022-08-17T17:35:42","slug":"bombeiro-faleceu-durante-o-combate-a-incendio-em-leiria","status":"publish","type":"post","link":"https:\/\/critecnow.com\/diariobeiras\/bombeiro-faleceu-durante-o-combate-a-incendio-em-leiria\/","title":{"rendered":"Bombeiro faleceu durante combate a inc\u00eandio em Leiria"},"content":{"rendered":"<div id=\"attachment_192511\" style=\"width: 660px\" class=\"wp-caption aligncenter\"><a href=\"https:\/\/www.asbeiras.pt\/wp-content\/uploads\/2020\/05\/09-bombeiros-incendios.jpg\"><img loading=\"lazy\" decoding=\"async\" aria-describedby=\"caption-attachment-192511\" class=\"wp-image-192511 size-large\" src=\"https:\/\/www.asbeiras.pt\/wp-content\/uploads\/2020\/05\/09-bombeiros-incendios-1024x668.jpg\" alt=\"\" width=\"650\" height=\"424\" \/><\/a><p id=\"caption-attachment-192511\" class=\"wp-caption-text\">Arquivo<\/p><\/div>\n<p class=\"text-paragraph\">O sub-chefe do Corpo de Bombeiros Volunt\u00e1rios de \u00d3bidos, morreu hoje v\u00edtima de doen\u00e7a s\u00fabita durante as opera\u00e7\u00f5es de combate ao inc\u00eandio que deflagrou esta tarde em Landal, Caldas da Rainha,\u00a0 no distrito de Leiria.<\/p>\n<p>Na sua p\u00e1gina na internet, o Corpo de Bombeiros de \u00d3bidos expressou tamb\u00e9m \u201cmuita dor e consterna\u00e7\u00e3o\u201d pela morte de Carlos Antunes, de 52 anos, &#8220;na sequ\u00eancia de um enfarte agudo de mioc\u00e1rdio&#8221; durante o &#8220;exerc\u00edcio das suas fun\u00e7\u00f5es, integrado no combate a um inc\u00eandio florestal&#8221;, no Landal.<\/p>\n<p>\u201cPartiu um dos nossos, um dos melhores operacionais, um dos que mais disponibilidade dava ao corpo de bombeiros, um dos que estava sempre presente para ajudar e tantos, mas tantos inc\u00eandios ajudou a extinguir\u201d, pode ler-se na p\u00e1gina da corpora\u00e7\u00e3o a que Carlos Antunes esteve ligado nos \u201c35 anos que dedicou \u00e0 causa dos bombeiros\u201d.<\/p>\n<p>O Presidente da Rep\u00fablica lamentou a morte de um bombeiro volunt\u00e1rio de \u00d3bidos que combatia o inc\u00eandio que deflagrou em Landal, nas Caldas da Rainha, apresentado condol\u00eancias \u00e0 fam\u00edlia e afirmando que faleceu \u201cao servi\u00e7o da comunidade\u201d.<\/p>\n<p class=\"text-paragraph\">\u201cO Presidente da Rep\u00fablica apresenta as mais sentidas condol\u00eancias \u00e0 fam\u00edlia do Bombeiro Carlos Alberto Ferreira Antunes, hoje falecido ao servi\u00e7o da comunidade, e \u00e0 Associa\u00e7\u00e3o Humanit\u00e1ria dos Bombeiros Volunt\u00e1rios do Concelho de \u00d3bidos a que pertencia\u201d, l\u00ea-se numa nota divulgada na p\u00e1gina oficial da Presid\u00eancia da Rep\u00fablica na Internet.<\/p>\n<p class=\"text-paragraph\">Segundo o comunicado, \u201co Presidente Marcelo Rebelo de Sousa tenciona estar presente nas cerim\u00f3nias f\u00fanebres\u201d.<\/p>\n<h4>Governo tamb\u00e9m lamenta a perda<\/h4>\n<p>O ministro da Administra\u00e7\u00e3o Interna exprimiu tamb\u00e9m o pesar pela morte de um bombeiro dos volunt\u00e1rios de \u00d3bidos, por doen\u00e7a s\u00fabita, durante o combate ao inc\u00eandio que deflagrou esta tarde em Landal, nas Caldas da Rainha.<\/p>\n<p class=\"text-paragraph\">\u201cRecebi com muita tristeza a not\u00edcia da morte do bombeiro Carlos Antunes, subchefe do Corpo de Bombeiros Volunt\u00e1rios de \u00d3bidos, v\u00edtima de doen\u00e7a s\u00fabita, durante as opera\u00e7\u00f5es de combate ao inc\u00eandio que deflagrou esta tarde em Landal, Caldas da Rainha, distrito de Leiria\u201d, escreveu Jos\u00e9 Lu\u00eds Carneiro numa nota de pesar, enviada \u00e0 ag\u00eancia Lusa.<\/p>\n<p class=\"text-paragraph\">\u00a0Na missiva, o ministro endere\u00e7a os seus \u201csentidos p\u00easames \u00e0 fam\u00edlia, aos amigos, ao corpo de Bombeiros Volunt\u00e1rios de \u00d3bidos e a todos os bombeiros e agentes de prote\u00e7\u00e3o civil que combatem os inc\u00eandios em Portugal\u201d.<\/p>\n<p class=\"text-paragraph\">\u201cNeste momento de tristeza e de consterna\u00e7\u00e3o para todos os portugueses deixo, em nome do Governo, uma palavra de profunda gratid\u00e3o a todos os homens e mulheres que colocam a sua vida em risco para defender a vida dos seus concidad\u00e3os, dos seus bens e do patrim\u00f3nio natural do nosso pa\u00eds\u201d, adianta o governante.<\/p>\n<p class=\"text-paragraph\">Jos\u00e9 Lu\u00eds Carneiro destaca ainda \u201ca forma generosa e altru\u00edsta\u201d com que os operacionais integram o esfor\u00e7o nacional de defesa da floresta contra os inc\u00eandios, o que \u201cmerece o mais sentido reconhecimento\u201d.<\/p>\n<p class=\"text-paragraph\">O inc\u00eandio deflagrou hoje \u00e0s 13H45 na localidade de Rostos, freguesia do Landal, nas Caldas da Rainha, no distrito de Leiria, tendo alastrado ao concelho de Rio Maior, no distrito de Santar\u00e9m.<\/p>\n<p class=\"text-paragraph\">De acordo com a p\u00e1gina da internet da Autoridade Nacional de Emerg\u00eancia e Prote\u00e7\u00e3o Civil (ANEPC), consultada pela Lusa \u00e0s 17H30, este fogo mobiliza 283 operacionais, apoiados por 80 ve\u00edculos e seis meios a\u00e9reos.<\/p>\n","protected":false},"excerpt":{"rendered":"<p>O sub-chefe do Corpo de Bombeiros Volunt\u00e1rios de \u00d3bidos, morreu hoje v\u00edtima de doen\u00e7a s\u00fabita durante as opera\u00e7\u00f5es de combate ao inc\u00eandio que deflagrou esta tarde em Landal, Caldas da Rainha,\u00a0 no distrito de Leiria. Na sua p\u00e1gina na internet, o Corpo de Bombeiros de \u00d3bidos expressou tamb\u00e9m \u201cmuita dor e consterna\u00e7\u00e3o\u201d pela morte de [&hellip;]<\/p>\n","protected":false},"author":1,"featured_media":192511,"comment_status":"open","ping_status":"open","sticky":false,"template":"","format":"standard","meta":{"_acf_changed":false,"footnotes":""},"categories":[31,464],"tags":[914,2722],"class_list":["post-244362","post","type-post","status-publish","format-standard","has-post-thumbnail","hentry","category-geral","category-distritos","tag-incendios","tag-obito"],"acf":[],"_links":{"self":[{"href":"https:\/\/critecnow.com\/diariobeiras\/wp-json\/wp\/v2\/posts\/244362","targetHints":{"allow":["GET"]}}],"collection":[{"href":"https:\/\/critecnow.com\/diariobeiras\/wp-json\/wp\/v2\/posts"}],"about":[{"href":"https:\/\/critecnow.com\/diariobeiras\/wp-json\/wp\/v2\/types\/post"}],"author":[{"embeddable":true,"href":"https:\/\/critecnow.com\/diariobeiras\/wp-json\/wp\/v2\/users\/1"}],"replies":[{"embeddable":true,"href":"https:\/\/critecnow.com\/diariobeiras\/wp-json\/wp\/v2\/comments?post=244362"}],"version-history":[{"count":0,"href":"https:\/\/critecnow.com\/diariobeiras\/wp-json\/wp\/v2\/posts\/244362\/revisions"}],"wp:attachment":[{"href":"https:\/\/critecnow.com\/diariobeiras\/wp-json\/wp\/v2\/media?parent=244362"}],"wp:term":[{"taxonomy":"category","embeddable":true,"href":"https:\/\/critecnow.com\/diariobeiras\/wp-json\/wp\/v2\/categories?post=244362"},{"taxonomy":"post_tag","embeddable":true,"href":"https:\/\/critecnow.com\/diariobeiras\/wp-json\/wp\/v2\/tags?post=244362"}],"curies":[{"name":"wp","href":"https:\/\/api.w.org\/{rel}","templated":true}]}}