{"id":244642,"date":"2022-08-24T11:59:05","date_gmt":"2022-08-24T10:59:05","guid":{"rendered":"https:\/\/www.asbeiras.pt\/?p=244642"},"modified":"2022-08-24T11:59:05","modified_gmt":"2022-08-24T10:59:05","slug":"opiniao-a-vegetacao-do-areal-urbano-deve-manter-se-3","status":"publish","type":"post","link":"https:\/\/critecnow.com\/diariobeiras\/opiniao-a-vegetacao-do-areal-urbano-deve-manter-se-3\/","title":{"rendered":"Opini\u00e3o: A vegeta\u00e7\u00e3o do areal urbano deve manter-se?"},"content":{"rendered":"<p><a href=\"https:\/\/www.asbeiras.pt\/wp-content\/uploads\/2022\/01\/silvina-queiroz.jpg\"><img loading=\"lazy\" decoding=\"async\" class=\"alignnone size-full wp-image-229671\" src=\"https:\/\/www.asbeiras.pt\/wp-content\/uploads\/2022\/01\/silvina-queiroz.jpg\" alt=\"\" width=\"2500\" height=\"1308\" \/><\/a><\/p>\n<p>SIM<br \/>\nN\u00e3o se infira desta afirmativa resposta, que considero bonito o que temos diante dos olhos na nossa praia. N\u00e3o! Muito pelo contr\u00e1rio. \u00c9 feio e desajustado do que deveria ser o aspecto do areal. Que outrora conhecemos t\u00e3o agrad\u00e1vel \u00e0 vista, sedoso e brilhante. Apetec\u00edvel! Agora o que se quer \u00e9 dist\u00e2ncia daquela \u201cnova realidade\u201d, ainda mais estranha por via do alongamento que a praia vem inexoravelmente sofrendo, por culpa da desmesurada extens\u00e3o do molhe norte, que nunca deveria ter sido prolongado: uma obra \u201cinfeliz\u201d para ser suav\u00edssima na aprecia\u00e7\u00e3o! Desfigurou a linda praia que t\u00ednhamos, retirou a vontade de a frequentar \u2013 quando se chega ao mar, s\u00e3o horas de voltar para tr\u00e1s! \u2013 acrescentou perigosidade \u00e0 barra, uma das mais problem\u00e1ticas do Pa\u00eds, se n\u00e3o a mais prop\u00edcia a sinistros. Mas as coisas s\u00e3o o que s\u00e3o e a realidade presente n\u00e3o compagina com ideias que h\u00e1 anos seriam louv\u00e1veis e que no momento se me afiguram impratic\u00e1veis. Extirpar a vegeta\u00e7\u00e3o que cresceu livremente, sob o \u201cchap\u00e9u\u201d do \u201cprocesso de naturaliza\u00e7\u00e3o\u201d, \u00e9 uma delas. O que ali est\u00e1 s\u00e3o gram\u00edneas, profundamente arreigadas e que renasceriam se porventura se arrancassem. E os custos de tal opera\u00e7\u00e3o n\u00e3o haviam de ser modestos! Mas h\u00e1 \u201ccoisas\u201d que deveriam ser tiradas: o horroroso mobili\u00e1rio de cimento, perigoso at\u00e9 para as crian\u00e7as nas suas traquinices. \u00c9 feio, t\u00e3o feio e completamente in\u00fatil.<\/p>\n","protected":false},"excerpt":{"rendered":"<p>Opini\u00e3o de Silvina Queiroz<\/p>\n","protected":false},"author":1,"featured_media":229671,"comment_status":"open","ping_status":"open","sticky":false,"template":"","format":"standard","meta":{"_acf_changed":false,"footnotes":""},"categories":[31,5],"tags":[100,6632],"class_list":["post-244642","post","type-post","status-publish","format-standard","has-post-thumbnail","hentry","category-geral","category-opiniao","tag-opiniao","tag-silvina-queiroz"],"acf":[],"_links":{"self":[{"href":"https:\/\/critecnow.com\/diariobeiras\/wp-json\/wp\/v2\/posts\/244642","targetHints":{"allow":["GET"]}}],"collection":[{"href":"https:\/\/critecnow.com\/diariobeiras\/wp-json\/wp\/v2\/posts"}],"about":[{"href":"https:\/\/critecnow.com\/diariobeiras\/wp-json\/wp\/v2\/types\/post"}],"author":[{"embeddable":true,"href":"https:\/\/critecnow.com\/diariobeiras\/wp-json\/wp\/v2\/users\/1"}],"replies":[{"embeddable":true,"href":"https:\/\/critecnow.com\/diariobeiras\/wp-json\/wp\/v2\/comments?post=244642"}],"version-history":[{"count":0,"href":"https:\/\/critecnow.com\/diariobeiras\/wp-json\/wp\/v2\/posts\/244642\/revisions"}],"wp:attachment":[{"href":"https:\/\/critecnow.com\/diariobeiras\/wp-json\/wp\/v2\/media?parent=244642"}],"wp:term":[{"taxonomy":"category","embeddable":true,"href":"https:\/\/critecnow.com\/diariobeiras\/wp-json\/wp\/v2\/categories?post=244642"},{"taxonomy":"post_tag","embeddable":true,"href":"https:\/\/critecnow.com\/diariobeiras\/wp-json\/wp\/v2\/tags?post=244642"}],"curies":[{"name":"wp","href":"https:\/\/api.w.org\/{rel}","templated":true}]}}