{"id":244669,"date":"2022-08-25T09:45:39","date_gmt":"2022-08-25T08:45:39","guid":{"rendered":"https:\/\/www.asbeiras.pt\/?p=244669"},"modified":"2022-08-25T09:45:39","modified_gmt":"2022-08-25T08:45:39","slug":"cernache-e-o-palco-da-taca-da-europa-de-seniores-de-judo","status":"publish","type":"post","link":"https:\/\/critecnow.com\/diariobeiras\/cernache-e-o-palco-da-taca-da-europa-de-seniores-de-judo\/","title":{"rendered":"Cernache \u00e9 o palco da Ta\u00e7a da Europa de seniores de judo"},"content":{"rendered":"<p><a href=\"https:\/\/www.asbeiras.pt\/wp-content\/uploads\/2022\/08\/14-estagio-de-judo-DF-12.jpg\"><img loading=\"lazy\" decoding=\"async\" class=\"alignnone size-full wp-image-244670\" src=\"https:\/\/www.asbeiras.pt\/wp-content\/uploads\/2022\/08\/14-estagio-de-judo-DF-12.jpg\" alt=\"\" width=\"1200\" height=\"628\" \/><\/a><\/p>\n<p>O pavilh\u00e3o do antigo Col\u00e9gio da Imaculada Concei\u00e7\u00e3o (CAIC), em Cernache, Coimbra, acolhe este fim de semana a 1.\u00aa edi\u00e7\u00e3o da Ta\u00e7a da Europa de Seniores-\u201cK. Kobayashi Cup\u201d de judo.<br \/>\nA competi\u00e7\u00e3o, que homenageia o mestre Kiyoshi Kobayashi, considerado por muitos praticantes o \u201cpai\u201d do judo portugu\u00eas, vai decorrer s\u00e1bado e domingo e traz at\u00e9 Cernache v\u00e1rias refer\u00eancias do judo nacional e internacional. Ap\u00f3s a competi\u00e7\u00e3o ir\u00e1 ser realizado, no mesmo local, o \u201cEst\u00e1gio Ol\u00edmpico\u201d, que contar\u00e1 \u201ccom diversos atletas que est\u00e3o em busca do sonho ol\u00edmpico\u201d, refere a Federa\u00e7\u00e3o Portuguesa de Judo (FP Judo). Este est\u00e1gio come\u00e7a na segunda-feira, 29 de agosto, e termina no s\u00e1bado, 3 de setembro.<br \/>\nSegundo o site da European Judo Union (EJU) est\u00e3o inscritos 155 judocas (94 no setor masculino e 61 no setor feminino), de 24 pa\u00edses, para competir na Ta\u00e7a da Europa.<\/p>\n<p><em><strong>Ler noticia completa na edi\u00e7\u00e3o impressa e digital do DI\u00c1RIO AS BEIRAS em 25\/08\/2022<\/strong><\/em><\/p>\n","protected":false},"excerpt":{"rendered":"<p>O pavilh\u00e3o do antigo Col\u00e9gio da Imaculada Concei\u00e7\u00e3o (CAIC), em Cernache, Coimbra, acolhe este fim de semana a 1.\u00aa edi\u00e7\u00e3o da Ta\u00e7a da Europa de Seniores-\u201cK. Kobayashi Cup\u201d de judo.<\/p>\n","protected":false},"author":1,"featured_media":244670,"comment_status":"open","ping_status":"open","sticky":false,"template":"","format":"standard","meta":{"_acf_changed":false,"footnotes":""},"categories":[4,31],"tags":[305,79,9618],"class_list":["post-244669","post","type-post","status-publish","format-standard","has-post-thumbnail","hentry","category-desporto","category-geral","tag-cernache","tag-judo","tag-taca-da-europa-de-seniores"],"acf":[],"_links":{"self":[{"href":"https:\/\/critecnow.com\/diariobeiras\/wp-json\/wp\/v2\/posts\/244669","targetHints":{"allow":["GET"]}}],"collection":[{"href":"https:\/\/critecnow.com\/diariobeiras\/wp-json\/wp\/v2\/posts"}],"about":[{"href":"https:\/\/critecnow.com\/diariobeiras\/wp-json\/wp\/v2\/types\/post"}],"author":[{"embeddable":true,"href":"https:\/\/critecnow.com\/diariobeiras\/wp-json\/wp\/v2\/users\/1"}],"replies":[{"embeddable":true,"href":"https:\/\/critecnow.com\/diariobeiras\/wp-json\/wp\/v2\/comments?post=244669"}],"version-history":[{"count":0,"href":"https:\/\/critecnow.com\/diariobeiras\/wp-json\/wp\/v2\/posts\/244669\/revisions"}],"wp:featuredmedia":[{"embeddable":true,"href":"https:\/\/critecnow.com\/diariobeiras\/wp-json\/"}],"wp:attachment":[{"href":"https:\/\/critecnow.com\/diariobeiras\/wp-json\/wp\/v2\/media?parent=244669"}],"wp:term":[{"taxonomy":"category","embeddable":true,"href":"https:\/\/critecnow.com\/diariobeiras\/wp-json\/wp\/v2\/categories?post=244669"},{"taxonomy":"post_tag","embeddable":true,"href":"https:\/\/critecnow.com\/diariobeiras\/wp-json\/wp\/v2\/tags?post=244669"}],"curies":[{"name":"wp","href":"https:\/\/api.w.org\/{rel}","templated":true}]}}