{"id":244867,"date":"2022-08-30T09:55:01","date_gmt":"2022-08-30T08:55:01","guid":{"rendered":"https:\/\/www.asbeiras.pt\/?p=244867"},"modified":"2022-08-30T09:55:01","modified_gmt":"2022-08-30T08:55:01","slug":"expo-cernache-superou-todas-as-expectativas","status":"publish","type":"post","link":"https:\/\/critecnow.com\/diariobeiras\/expo-cernache-superou-todas-as-expectativas\/","title":{"rendered":"Expo Cernache \u201csuperou todas  as expectativas\u201d"},"content":{"rendered":"<p><a href=\"https:\/\/www.asbeiras.pt\/wp-content\/uploads\/2022\/08\/06-VISITA-EXPOCERNACHE-PR-17.jpg\"><img loading=\"lazy\" decoding=\"async\" class=\"alignnone size-full wp-image-244868\" src=\"https:\/\/www.asbeiras.pt\/wp-content\/uploads\/2022\/08\/06-VISITA-EXPOCERNACHE-PR-17.jpg\" alt=\"\" width=\"1200\" height=\"628\" \/><\/a><\/p>\n<p>A 8.\u00aa edi\u00e7\u00e3o da Expo Cernache regressou, no passado fim de semana, em conjunto com a \u201cFeira de Gastronomia, Artesanato e Produtos T\u00edpicos da Freguesia\u201d, ap\u00f3s uma pausa motivada pela pandemia da covid-19.<br \/>\nA edi\u00e7\u00e3o deste ano \u201csuperou todas as expectativas, quer no n\u00famero de visitantes, mas tamb\u00e9m no n\u00famero de expositores e tasquinhas, atingindo os melhores n\u00fameros de sempre\u201d, destacou Victor Carvalho, presidente da Junta de Freguesia de Cernache.<br \/>\nNum certame com um cartaz que contou com nomes como Ruizinho de Penacova, Jade e M\u00f3nica Sintra entre outros, o presidente da junta afirmou que \u201co recinto esteve totalmente lotado na sexta-feira (atua\u00e7\u00f5es de Ruizinho de Penacova e Jade) e tamb\u00e9m no s\u00e1bado (atua\u00e7\u00e3o de M\u00f3nica Sintra)\u201d.<\/p>\n<p><em><strong>Ler noticia completa na edi\u00e7\u00e3o impressa e digital do DI\u00c1RIO AS BEIRAS em 30\/08\/2022<\/strong><\/em><\/p>\n","protected":false},"excerpt":{"rendered":"<p>A 8.\u00aa edi\u00e7\u00e3o da Expo Cernache regressou, no passado fim de semana, em conjunto com a \u201cFeira de Gastronomia, Artesanato e Produtos T\u00edpicos da Freguesia\u201d, ap\u00f3s uma pausa motivada pela pandemia da covid-19.<\/p>\n","protected":false},"author":1,"featured_media":244868,"comment_status":"open","ping_status":"open","sticky":false,"template":"","format":"standard","meta":{"_acf_changed":false,"footnotes":""},"categories":[39,31],"tags":[359,5578,9657],"class_list":["post-244867","post","type-post","status-publish","format-standard","has-post-thumbnail","hentry","category-coimbra-2","category-geral","tag-balanco","tag-expo-cernache","tag-victor-carvalho"],"acf":[],"_links":{"self":[{"href":"https:\/\/critecnow.com\/diariobeiras\/wp-json\/wp\/v2\/posts\/244867","targetHints":{"allow":["GET"]}}],"collection":[{"href":"https:\/\/critecnow.com\/diariobeiras\/wp-json\/wp\/v2\/posts"}],"about":[{"href":"https:\/\/critecnow.com\/diariobeiras\/wp-json\/wp\/v2\/types\/post"}],"author":[{"embeddable":true,"href":"https:\/\/critecnow.com\/diariobeiras\/wp-json\/wp\/v2\/users\/1"}],"replies":[{"embeddable":true,"href":"https:\/\/critecnow.com\/diariobeiras\/wp-json\/wp\/v2\/comments?post=244867"}],"version-history":[{"count":0,"href":"https:\/\/critecnow.com\/diariobeiras\/wp-json\/wp\/v2\/posts\/244867\/revisions"}],"wp:featuredmedia":[{"embeddable":true,"href":"https:\/\/critecnow.com\/diariobeiras\/wp-json\/"}],"wp:attachment":[{"href":"https:\/\/critecnow.com\/diariobeiras\/wp-json\/wp\/v2\/media?parent=244867"}],"wp:term":[{"taxonomy":"category","embeddable":true,"href":"https:\/\/critecnow.com\/diariobeiras\/wp-json\/wp\/v2\/categories?post=244867"},{"taxonomy":"post_tag","embeddable":true,"href":"https:\/\/critecnow.com\/diariobeiras\/wp-json\/wp\/v2\/tags?post=244867"}],"curies":[{"name":"wp","href":"https:\/\/api.w.org\/{rel}","templated":true}]}}