{"id":245129,"date":"2022-09-04T12:33:49","date_gmt":"2022-09-04T11:33:49","guid":{"rendered":"https:\/\/www.asbeiras.pt\/?p=245129"},"modified":"2022-09-04T12:33:49","modified_gmt":"2022-09-04T11:33:49","slug":"opiniao-verao-feminista","status":"publish","type":"post","link":"https:\/\/critecnow.com\/diariobeiras\/opiniao-verao-feminista\/","title":{"rendered":"Opini\u00e3o: Ver\u00e3o feminista"},"content":{"rendered":"<p><a href=\"https:\/\/www.asbeiras.pt\/wp-content\/uploads\/2021\/11\/paulo-almeida-opi.jpg\"><img loading=\"lazy\" decoding=\"async\" class=\"alignnone size-full wp-image-226292\" src=\"https:\/\/www.asbeiras.pt\/wp-content\/uploads\/2021\/11\/paulo-almeida-opi.jpg\" alt=\"\" width=\"1200\" height=\"628\" \/><\/a><\/p>\n<p>Quase todos os anos, no Ver\u00e3o, \u201cnasce\u201d uma nova luta feminista. H\u00e1 uns anos, em Espanha, foi not\u00edcia a ac\u00e9rrima defesa de algumas feministas em prol das galinhas, que diziam serem violadas pelo galo e que, por isso, deviam ser libertadas desse jugo que as impedia de serem livres. Este ano, durante um f\u00f3rum em Grenoble do partido europeu Europe Ecology \u2013 The Greens (EELV), a deputada \u201ceco-feminista\u201d Sandrine Rousseau defendeu a necessidade de mudar as mentalidades e acabar com o s\u00edmbolo de virilidade masculina associada ao barbecue. Defende ela que o facto de os homens grelharem carne no barbecue \u00e9 um mal a ser erradicado, pois representa uma demonstra\u00e7\u00e3o de virilidade, uma compuls\u00e3o masculina de comer carne e de subjuga\u00e7\u00e3o feminina. Tudo isto depois de o seu partido tamb\u00e9m ter sugerido acabar com as piscinas privadas.<br \/>\nA brigada anti-barbecue acusa os homens de serem respons\u00e1veis pelas altera\u00e7\u00f5es clim\u00e1ticas, na medida em que alegam estar mais do que provado que estes comem pelo menos o dobro da carne das mulheres. Em disson\u00e2ncia, o partido comunista veio a terreiro defender os homens, afirmando que se come carne de acordo com as possibilidades financeiras, e n\u00e3o conforme o g\u00e9nero. O l\u00edder Fabien Roussel chegou mesmo a convidar publicamente toda a esquerda a ignorar Os Verdes e a associarem-se ao tradicional barbecue promovido na festa anual comunista, em Setembro. Em sentido contr\u00e1rio, o jornal Lib\u00e9ration defendeu que um bife grelhado num barbecue \u00e9 um sinal de virilidade masculina que deve ser questionado, especialmente depois de um Ver\u00e3o que se revelou desastroso do ponto de vista clim\u00e1tico.<br \/>\nSandrine Rousseau reagiu aos ataques de que foi alvo, argumentando que a comida masculina emite mais 41% de gases que provocam efeito de estufa do que a das mulheres, numa longa tradi\u00e7\u00e3o de maldades provocadas pelos homens \u00e0 sociedade, a come\u00e7ar pelas guerras e, agora, tamb\u00e9m com este crime barbecue, uma viol\u00eancia que afecta as altera\u00e7\u00f5es clim\u00e1ticas. Declarou mesmo que a virilidade masculina causa mortes, e por isso deve ser colocada em quest\u00e3o numa Fran\u00e7a onde tr\u00eas quartos das habita\u00e7\u00f5es t\u00eam um grelhador exterior, um pa\u00eds verdadeiramente adepto do barbecue, s\u00f3 superado na Europa pela Alemanha.<\/p>\n","protected":false},"excerpt":{"rendered":"<p>Opini\u00e3o de Paulo Almeida<\/p>\n","protected":false},"author":1,"featured_media":226292,"comment_status":"open","ping_status":"open","sticky":false,"template":"","format":"standard","meta":{"_acf_changed":false,"footnotes":""},"categories":[31,5],"tags":[100,458],"class_list":["post-245129","post","type-post","status-publish","format-standard","has-post-thumbnail","hentry","category-geral","category-opiniao","tag-opiniao","tag-paulo-almeida"],"acf":[],"_links":{"self":[{"href":"https:\/\/critecnow.com\/diariobeiras\/wp-json\/wp\/v2\/posts\/245129","targetHints":{"allow":["GET"]}}],"collection":[{"href":"https:\/\/critecnow.com\/diariobeiras\/wp-json\/wp\/v2\/posts"}],"about":[{"href":"https:\/\/critecnow.com\/diariobeiras\/wp-json\/wp\/v2\/types\/post"}],"author":[{"embeddable":true,"href":"https:\/\/critecnow.com\/diariobeiras\/wp-json\/wp\/v2\/users\/1"}],"replies":[{"embeddable":true,"href":"https:\/\/critecnow.com\/diariobeiras\/wp-json\/wp\/v2\/comments?post=245129"}],"version-history":[{"count":0,"href":"https:\/\/critecnow.com\/diariobeiras\/wp-json\/wp\/v2\/posts\/245129\/revisions"}],"wp:attachment":[{"href":"https:\/\/critecnow.com\/diariobeiras\/wp-json\/wp\/v2\/media?parent=245129"}],"wp:term":[{"taxonomy":"category","embeddable":true,"href":"https:\/\/critecnow.com\/diariobeiras\/wp-json\/wp\/v2\/categories?post=245129"},{"taxonomy":"post_tag","embeddable":true,"href":"https:\/\/critecnow.com\/diariobeiras\/wp-json\/wp\/v2\/tags?post=245129"}],"curies":[{"name":"wp","href":"https:\/\/api.w.org\/{rel}","templated":true}]}}