{"id":245607,"date":"2022-09-09T12:19:28","date_gmt":"2022-09-09T11:19:28","guid":{"rendered":"https:\/\/www.asbeiras.pt\/?p=245607"},"modified":"2022-09-09T12:19:28","modified_gmt":"2022-09-09T11:19:28","slug":"opiniao-so-para-o-caso-de-chover","status":"publish","type":"post","link":"https:\/\/critecnow.com\/diariobeiras\/opiniao-so-para-o-caso-de-chover\/","title":{"rendered":"Opini\u00e3o:  S\u00f3 para  o caso  de chover"},"content":{"rendered":"<p><a href=\"https:\/\/www.asbeiras.pt\/2021\/11\/opiniao-a-liberdade-do-deputado\/paulo-almeida-opi\/\" rel=\"attachment wp-att-226292\"><img loading=\"lazy\" decoding=\"async\" class=\"aligncenter size-full wp-image-226292\" src=\"https:\/\/www.asbeiras.pt\/wp-content\/uploads\/2021\/11\/paulo-almeida-opi.jpg\" alt=\"\" width=\"1200\" height=\"628\" \/><\/a><\/p>\n<p>O nosso Adriano Moreira completou esta semana 100 anos de vida e n\u00e3o vi nenhuma televis\u00e3o a \u201canunciar\u201d a sua morte. Ele que nasceu uns bons anos antes da actual rainha de Inglaterra, presidiu ao CDS depois de Lucas Pires e entregou-o a Freitas do Amaral. Pouco tempo depois de a rainha o ser ( 1952 ), j\u00e1 tinha estado preso na mesma cela que M\u00e1rio Soares, tornou-se subsecret\u00e1rio de Estado da Administra\u00e7\u00e3o Ultramarina em 1959, e Ministro do Ultramar em 1961, cargo em que se manteve at\u00e9 1963.<br \/>\nHoje, a rainha cancelou uma reuni\u00e3o, e n\u00e3o h\u00e1 uma televis\u00e3o no mundo que n\u00e3o cubra o acontecimento, transmitindo subliminarmente a ideia de que est\u00e1 prestes a morrer. Ainda vamos assistir nas nossas televis\u00f5es a Adriano Moreira comentar este ins\u00f3lito. Afinal, a idade avan\u00e7ada da rainha (e os acontecimentos por que passou) j\u00e1 antes poderia ter provocado estas reac\u00e7\u00f5es. S\u00f3 que agora est\u00e1 na Esc\u00f3cia, de f\u00e9rias, e parece que depois de ter tomado conhecimento do resultado eleitoral do partido conservador e dado posse \u00e0 nova primeira-ministra brit\u00e2nica, n\u00e3o pode descansar.<br \/>\nA not\u00edcia que temos \u00e9 de que ela est\u00e1 a descansar e que a fam\u00edlia, com os meios que tem ao seu dispor, foi ou est\u00e1 a caminho de a ir ver. Nada mais do que isso, excepto o carnaval medi\u00e1tico montado em torno do seu estado de sa\u00fade desconhecido. Ela, que j\u00e1 tantas vezes poderia ter morrido, ela que at\u00e9 deu nome a um \u00e1lbum dos Smiths \u2013 The Queen is Dead \u2013 ainda n\u00e3o sucumbiu.<br \/>\n\u00c9, para mim, triste observar este tipo de avalanche noticiosa abutriva. Se amanh\u00e3 n\u00e3o chover e ela fizer uma apari\u00e7\u00e3o a acenar ao p\u00fablico, ainda v\u00e3o dizer que \u00e9 um fantasma ou uma s\u00f3sia, ou o quer que seja preciso para publicar mais not\u00edcias. Se, por acaso, chover mesmo, record\u00e1-la-ei com uma v\u00e9nia enquanto a monarca com o reino mais longo da hist\u00f3ria brit\u00e2nica. Que o seu sucessor esteja \u00e0 altura.<\/p>\n","protected":false},"excerpt":{"rendered":"<p>Paulo Almeida, Advogado<\/p>\n","protected":false},"author":1,"featured_media":226292,"comment_status":"open","ping_status":"open","sticky":false,"template":"","format":"standard","meta":{"_acf_changed":false,"footnotes":""},"categories":[31,5],"tags":[100,458],"class_list":["post-245607","post","type-post","status-publish","format-standard","has-post-thumbnail","hentry","category-geral","category-opiniao","tag-opiniao","tag-paulo-almeida"],"acf":[],"_links":{"self":[{"href":"https:\/\/critecnow.com\/diariobeiras\/wp-json\/wp\/v2\/posts\/245607","targetHints":{"allow":["GET"]}}],"collection":[{"href":"https:\/\/critecnow.com\/diariobeiras\/wp-json\/wp\/v2\/posts"}],"about":[{"href":"https:\/\/critecnow.com\/diariobeiras\/wp-json\/wp\/v2\/types\/post"}],"author":[{"embeddable":true,"href":"https:\/\/critecnow.com\/diariobeiras\/wp-json\/wp\/v2\/users\/1"}],"replies":[{"embeddable":true,"href":"https:\/\/critecnow.com\/diariobeiras\/wp-json\/wp\/v2\/comments?post=245607"}],"version-history":[{"count":0,"href":"https:\/\/critecnow.com\/diariobeiras\/wp-json\/wp\/v2\/posts\/245607\/revisions"}],"wp:attachment":[{"href":"https:\/\/critecnow.com\/diariobeiras\/wp-json\/wp\/v2\/media?parent=245607"}],"wp:term":[{"taxonomy":"category","embeddable":true,"href":"https:\/\/critecnow.com\/diariobeiras\/wp-json\/wp\/v2\/categories?post=245607"},{"taxonomy":"post_tag","embeddable":true,"href":"https:\/\/critecnow.com\/diariobeiras\/wp-json\/wp\/v2\/tags?post=245607"}],"curies":[{"name":"wp","href":"https:\/\/api.w.org\/{rel}","templated":true}]}}