{"id":245812,"date":"2022-09-13T11:37:02","date_gmt":"2022-09-13T10:37:02","guid":{"rendered":"https:\/\/www.asbeiras.pt\/?p=245812"},"modified":"2022-09-13T11:37:02","modified_gmt":"2022-09-13T10:37:02","slug":"opiniao-forum-economico","status":"publish","type":"post","link":"https:\/\/critecnow.com\/diariobeiras\/opiniao-forum-economico\/","title":{"rendered":"Opini\u00e3o: F\u00f3rum Econ\u00f3mico!"},"content":{"rendered":"<p><a href=\"https:\/\/www.asbeiras.pt\/wp-content\/uploads\/2020\/12\/pedro-coimbra.png\"><img loading=\"lazy\" decoding=\"async\" class=\"alignnone size-full wp-image-208304\" src=\"https:\/\/www.asbeiras.pt\/wp-content\/uploads\/2020\/12\/pedro-coimbra.png\" alt=\"\" width=\"1200\" height=\"628\" \/><\/a><\/p>\n<p>Esta semana, em representa\u00e7\u00e3o da Assembleia da Rep\u00fablica, estive na Pol\u00f3nia, em Karpacz, no F\u00f3rum Econ\u00f3mico que \u00e9 organizado pela Funda\u00e7\u00e3o Instituto de Estudos Orientais de Vars\u00f3via.<br \/>\nTrata-se de um encontro anual que junta as elites econ\u00f3micas e pol\u00edticas europeias divididas em v\u00e1rios pain\u00e9is e col\u00f3quios onde se discutem temas centrais da atualidade e do futuro da Europa e do Mundo, tendo participado como membro da Comiss\u00e3o Parlamentar de Economia, Inova\u00e7\u00e3o, Obras Publicas e Habita\u00e7\u00e3o.<br \/>\nFoi uma oportunidade para ouvir e debater com respons\u00e1veis e decisores de toda a Europa quest\u00f5es relevantes e importantes para o presente e para o futuro que s\u00e3o comuns a todo o nosso espa\u00e7o.<br \/>\nComo orador numa das confer\u00eancias que ali decorreram e cujo tema abordou mat\u00e9rias econ\u00f3micas e de inova\u00e7\u00e3o social, tendo tamb\u00e9m como participantes membros do Governo, do Parlamento e do Parlamento Europeu da Pol\u00f3nia e da Litu\u00e2nia, destaquei o car\u00e1cter inovador da economia portuguesa tamb\u00e9m na \u00e1rea social, a que n\u00e3o tem sido indiferente as pol\u00edticas publicas seguidas nos \u00faltimos anos.<br \/>\nA ag\u00eancia Portugal Inova\u00e7\u00e3o Social tem tido um papel muito importante no desenvolvimento de projetos inovadores, financiando e juntado Organiza\u00e7\u00f5es N\u00e3o Governamentais (ONG\u2019s), empresas, estado, autarquias e sistema cient\u00edfico e tecnol\u00f3gico em iniciativas de empreendedorismo e inova\u00e7\u00e3o.<br \/>\nA t\u00edtulo de exemplo, referi projetos como o \u201cCollorAdd\u201d que criou o primeiro c\u00f3digo visual para dalt\u00f3nicos do mundo e o \u201cSpeak\u201d que contribui para integra\u00e7\u00e3o social de migrantes e refugiados. S\u00e3o projetos que acrescentam valor econ\u00f3mico e social, resolvendo problemas e dando melhor qualidade de vida a milh\u00f5es de pessoas do mundo inteiro.<br \/>\nDestaquei, ainda, aquilo que considero serem as tr\u00eas grandes barreiras que temos de vencer para ultrapassar muitos dos desafios que temos pela frente nesta \u00e1rea:<br \/>\n1- Pol\u00edticas europeias comuns; boa parte dos problemas econ\u00f3micos e sociais da Europa s\u00e3o comuns a cada Estado (\u00e9 um bom exemplo o tempo inflacionista que vivemos), pelo que para problemas iguais exigem-se solu\u00e7\u00f5es globais comuns;<br \/>\n2 &#8211; Capacidade de mobilizar e trabalhar em rede; juntar em projetos comuns ONG\u2019s, empresas, organismos da administra\u00e7\u00e3o central, autarquias e sistema cient\u00edfico e tecnol\u00f3gico, de v\u00e1rias origens, em iniciativas de empreendedorismo e inova\u00e7\u00e3o \u00e9 essencial;<br \/>\n3 -Transfer\u00eancia de conhecimento; a europa ainda tem, diga-se o que se disser, das melhores universidades e dos melhores centros de investiga\u00e7\u00e3o do mundo; a r\u00e1pida e eficiente transfer\u00eancia do conhecimento que aqui se produz para as empresas e para as ONG\u00b4s \u00e9 essencial para que solu\u00e7\u00f5es inovadoras e concretas cheguem aos cidad\u00e3os.<\/p>\n","protected":false},"excerpt":{"rendered":"<p>Opini\u00e3o de Pedro Coimbra <\/p>\n","protected":false},"author":1,"featured_media":208304,"comment_status":"open","ping_status":"open","sticky":false,"template":"","format":"standard","meta":{"_acf_changed":false,"footnotes":""},"categories":[31,5],"tags":[100,1024],"class_list":["post-245812","post","type-post","status-publish","format-standard","has-post-thumbnail","hentry","category-geral","category-opiniao","tag-opiniao","tag-pedro-coimbra"],"acf":[],"_links":{"self":[{"href":"https:\/\/critecnow.com\/diariobeiras\/wp-json\/wp\/v2\/posts\/245812","targetHints":{"allow":["GET"]}}],"collection":[{"href":"https:\/\/critecnow.com\/diariobeiras\/wp-json\/wp\/v2\/posts"}],"about":[{"href":"https:\/\/critecnow.com\/diariobeiras\/wp-json\/wp\/v2\/types\/post"}],"author":[{"embeddable":true,"href":"https:\/\/critecnow.com\/diariobeiras\/wp-json\/wp\/v2\/users\/1"}],"replies":[{"embeddable":true,"href":"https:\/\/critecnow.com\/diariobeiras\/wp-json\/wp\/v2\/comments?post=245812"}],"version-history":[{"count":0,"href":"https:\/\/critecnow.com\/diariobeiras\/wp-json\/wp\/v2\/posts\/245812\/revisions"}],"wp:attachment":[{"href":"https:\/\/critecnow.com\/diariobeiras\/wp-json\/wp\/v2\/media?parent=245812"}],"wp:term":[{"taxonomy":"category","embeddable":true,"href":"https:\/\/critecnow.com\/diariobeiras\/wp-json\/wp\/v2\/categories?post=245812"},{"taxonomy":"post_tag","embeddable":true,"href":"https:\/\/critecnow.com\/diariobeiras\/wp-json\/wp\/v2\/tags?post=245812"}],"curies":[{"name":"wp","href":"https:\/\/api.w.org\/{rel}","templated":true}]}}