{"id":245997,"date":"2022-09-15T12:39:11","date_gmt":"2022-09-15T11:39:11","guid":{"rendered":"https:\/\/www.asbeiras.pt\/?p=245997"},"modified":"2022-09-15T12:39:11","modified_gmt":"2022-09-15T11:39:11","slug":"empreitada-da-via-central-em-coimbra-devera-ser-prolongada-por-mais-um-ano","status":"publish","type":"post","link":"https:\/\/critecnow.com\/diariobeiras\/empreitada-da-via-central-em-coimbra-devera-ser-prolongada-por-mais-um-ano\/","title":{"rendered":"Empreitada da Via Central em Coimbra dever\u00e1 ser prolongada por mais um ano"},"content":{"rendered":"<div id=\"attachment_219516\" style=\"width: 1427px\" class=\"wp-caption alignnone\"><a href=\"https:\/\/www.asbeiras.pt\/2021\/06\/via-central-ja-liga-a-frente-de-rio-a-rua-da-sofia\/dcim100mediadji_0008-jpg\/\" rel=\"attachment wp-att-219516\"><img loading=\"lazy\" decoding=\"async\" aria-describedby=\"caption-attachment-219516\" class=\"size-full wp-image-219516\" src=\"https:\/\/www.asbeiras.pt\/wp-content\/uploads\/2021\/06\/05-Via-Central-foto-de-CMC.jpg\" alt=\"\" width=\"1417\" height=\"797\" \/><\/a><p id=\"caption-attachment-219516\" class=\"wp-caption-text\">C\u00e2mara Municipal de Coimbra<\/p><\/div>\n<p>A empreitada da Via Central, junto \u00e0 Pra\u00e7a 8 de Maio, em Coimbra, dever\u00e1 ser prolongada por mais um ano, numa interven\u00e7\u00e3o que era para ter ficado conclu\u00edda no in\u00edcio deste m\u00eas, afirmou a Metro Mondego.<\/p>\n<p class=\"text-paragraph\">\u201cInformamos que o prazo para a empreitada de abertura do canal do \u2018metrobus\u2019 na Baixa de Coimbra dever\u00e1 ser prorrogado por mais um ano\u201d, disse a Metro Mondego, em resposta \u00e0 ag\u00eancia Lusa.<\/p>\n<p class=\"text-paragraph\">Aquela empreitada tinha sido consignada em 2020 e deveria ter ficado conclu\u00edda a 03 de setembro.<\/p>\n<p class=\"text-paragraph\">Segundo a Metro Mondego, o prolongamento do prazo deve-se \u201cquer a dificuldades de m\u00e3o-de-obra, materiais e outros servi\u00e7os inerentes \u00e0 obra, quer da necessidade de contemplar na empreitada a decis\u00e3o recente de demoli\u00e7\u00e3o da Casa Aninhas\u201d.<\/p>\n<p class=\"text-paragraph\">Em maio deste ano, a C\u00e2mara de Coimbra e a Metro Mondego formalizaram um protocolo de colabora\u00e7\u00e3o para o arranjo urban\u00edstico da Via Central, que previa a demoli\u00e7\u00e3o da parte posterior do edif\u00edcio municipal conhecido como \u201cCasa Aninhas\u201d.<\/p>\n<p class=\"text-paragraph\">Na altura, o presidente do munic\u00edpio, Jos\u00e9 Manuel Silva, referia que, com aquele protocolo e consequente nova solu\u00e7\u00e3o para a Via Central, permitia \u201ctransformar um beco numa pra\u00e7a nobre\u201d.<\/p>\n<p class=\"text-paragraph\">Em agosto, a Metro Mondego confirmou \u00e0 ag\u00eancia Lusa que tinha havido um pedido de prolongamento do prazo por parte do empreiteiro, que teria de ser analisado pela administra\u00e7\u00e3o daquela entidade, estando esse processo agora a seguir todas as fases necess\u00e1rias at\u00e9 se consumar.<\/p>\n<p class=\"text-paragraph\">O Sistema de Mobilidade do Mondego (SMM) &#8220;consiste na implementa\u00e7\u00e3o de um &#8216;metrobus&#8217;, utilizando ve\u00edculos el\u00e9tricos a baterias que ir\u00e3o operar no antigo ramal ferrovi\u00e1rio da Lous\u00e3 e na \u00e1rea urbana de Coimbra&#8221;, ligando esta cidade a Serpins, no concelho da Lous\u00e3, com passagem em Miranda do Corvo, numa extens\u00e3o de 42 quil\u00f3metros.<\/p>\n<p class=\"text-paragraph\">A opera\u00e7\u00e3o entre a Portagem (Coimbra) e Serpins dever\u00e1 arrancar no primeiro trimestre de 2024 e a o tro\u00e7o urbano no final desse mesmo ano.<\/p>\n","protected":false},"excerpt":{"rendered":"<p>Obra da a Metro Mondego era para ter ficado conclu\u00edda no in\u00edcio deste m\u00eas<\/p>\n","protected":false},"author":1,"featured_media":219516,"comment_status":"open","ping_status":"open","sticky":false,"template":"","format":"standard","meta":{"_acf_changed":false,"footnotes":""},"categories":[39,31],"tags":[7762,7269,454,9895],"class_list":["post-245997","post","type-post","status-publish","format-standard","has-post-thumbnail","hentry","category-coimbra-2","category-geral","tag-metro","tag-obras-publicas","tag-politica","tag-via-central"],"acf":[],"_links":{"self":[{"href":"https:\/\/critecnow.com\/diariobeiras\/wp-json\/wp\/v2\/posts\/245997","targetHints":{"allow":["GET"]}}],"collection":[{"href":"https:\/\/critecnow.com\/diariobeiras\/wp-json\/wp\/v2\/posts"}],"about":[{"href":"https:\/\/critecnow.com\/diariobeiras\/wp-json\/wp\/v2\/types\/post"}],"author":[{"embeddable":true,"href":"https:\/\/critecnow.com\/diariobeiras\/wp-json\/wp\/v2\/users\/1"}],"replies":[{"embeddable":true,"href":"https:\/\/critecnow.com\/diariobeiras\/wp-json\/wp\/v2\/comments?post=245997"}],"version-history":[{"count":0,"href":"https:\/\/critecnow.com\/diariobeiras\/wp-json\/wp\/v2\/posts\/245997\/revisions"}],"wp:attachment":[{"href":"https:\/\/critecnow.com\/diariobeiras\/wp-json\/wp\/v2\/media?parent=245997"}],"wp:term":[{"taxonomy":"category","embeddable":true,"href":"https:\/\/critecnow.com\/diariobeiras\/wp-json\/wp\/v2\/categories?post=245997"},{"taxonomy":"post_tag","embeddable":true,"href":"https:\/\/critecnow.com\/diariobeiras\/wp-json\/wp\/v2\/tags?post=245997"}],"curies":[{"name":"wp","href":"https:\/\/api.w.org\/{rel}","templated":true}]}}