{"id":246010,"date":"2022-09-15T14:51:53","date_gmt":"2022-09-15T13:51:53","guid":{"rendered":"https:\/\/www.asbeiras.pt\/?p=246010"},"modified":"2022-09-15T14:51:53","modified_gmt":"2022-09-15T13:51:53","slug":"tres-concertos-divulgam-instrumentos-tradicionais-de-coimbra-no-domingo","status":"publish","type":"post","link":"https:\/\/critecnow.com\/diariobeiras\/tres-concertos-divulgam-instrumentos-tradicionais-de-coimbra-no-domingo\/","title":{"rendered":"Tr\u00eas concertos divulgam instrumentos tradicionais de Coimbra no domingo"},"content":{"rendered":"<div id=\"attachment_246012\" style=\"width: 1210px\" class=\"wp-caption alignnone\"><a href=\"https:\/\/www.asbeiras.pt\/wp-content\/uploads\/2022\/09\/Concertos.jpg\"><img loading=\"lazy\" decoding=\"async\" aria-describedby=\"caption-attachment-246012\" class=\"wp-image-246012 size-full\" src=\"https:\/\/www.asbeiras.pt\/wp-content\/uploads\/2022\/09\/Concertos.jpg\" alt=\"\" width=\"1200\" height=\"628\" \/><\/a><p id=\"caption-attachment-246012\" class=\"wp-caption-text\">DR\/Ant\u00f3nio Cerca Matins<\/p><\/div>\n<p>A 1.\u00aa Jornada das Cordas Tradicionais\/Populares de Coimbra vai divulgar os instrumentos tradicionais da cidade, com tr\u00eas concertos, no domingo, junto \u00e0 estufa do Jardim Bot\u00e2nico, na Alta de Coimbra.<\/p>\n<p class=\"text-paragraph\">\u201cO primeiro grande objetivo \u00e9 dar a conhecer\u201d os instrumentos tradicionais de Coimbra. \u201cEm segundo lugar, afirmar aquilo que s\u00e3o [esses] instrumentos\u201d e, \u201cem terceiro lugar, convidando todas as entidades a estarem presentes, desafi\u00e1-las a pensarmos conjuntamente e a fazermos uma recens\u00e3o cr\u00edtica daquilo que se passou e procurarmos projetar o futuro juntos. Para ganharmos for\u00e7a e fazemos algo mais impactante\u201d, disse hoje, na sess\u00e3o de apresenta\u00e7\u00e3o do evento, o diretor da Funda\u00e7\u00e3o Inatel em Coimbra, Bruno Paix\u00e3o.<\/p>\n<p class=\"text-paragraph\">O programa tem prevista a abertura de uma exposi\u00e7\u00e3o, pelas 15:30, uma demonstra\u00e7\u00e3o de constru\u00e7\u00e3o dos instrumentos (16:30) e um concerto intitulado por \u201cToeira Trupe\u201d (17:00).<\/p>\n<p class=\"text-paragraph\">Ap\u00f3s esse concerto, \u00e0s 17:35, ter\u00e1 lugar um espet\u00e1culo com \u201cGuitarrinhos do Mondego\u201d fechando o dia um concerto de Jo\u00e3o Vila e Jos\u00e9 Rebola, \u00e0s 18:15.<\/p>\n<p class=\"text-paragraph\">Segundo os organizadores do evento, a iniciativa apresentar\u00e1 a viola, que mais tarde se veio a designar viola toeira, ainda antes da exist\u00eancia da guitarra de Coimbra, instrumento que era tocado, nomeadamente nas serenatas.<\/p>\n<p class=\"text-paragraph\">\u201cNo report\u00f3rio da toeira de trupe \u00e9 um grupo constitu\u00eddo maioritariamente por violas toeiras, com um guitarrinho\u201d, referiu, durante a sess\u00e3o, o presidente da Associa\u00e7\u00e3o Museu da M\u00fasica de Coimbra, Eduardo Loio.<\/p>\n<p class=\"text-paragraph\">As pessoas que v\u00e3o tocar viola toeira \u00e9 que constru\u00edram o seu pr\u00f3prio instrumento, constituindo, dessa forma, \u201cr\u00e9plicas de exemplares que existem nos museus\u201d do pa\u00eds.<\/p>\n<p class=\"text-paragraph\">Esse concerto inclui um report\u00f3rio que come\u00e7a no s\u00e9culo XVIII e se prolonga at\u00e9 in\u00edcio do s\u00e9culo XX.<\/p>\n<p class=\"text-paragraph\">\u201cNos guitarrinhos de Coimbra, embora tenhamos algumas m\u00fasicas tradicionais, n\u00f3s, na realidade, subvertemos m\u00fasicas que fazem parte do imagin\u00e1rio coletivo das pessoas para cativar, para que as pessoas se identifiquem com o instrumento, e assim possam sentir-se curiosas em rela\u00e7\u00e3o a ele e a procurarem mais informa\u00e7\u00e3o\u201d, explicou.<\/p>\n<p class=\"text-paragraph\">J\u00e1 mo terceiro concerto, Jo\u00e3o Vila e Jos\u00e9 Rebola v\u00e3o apropriar-se de m\u00fasicas tradicionais portuguesas contemporizando-as, dando uma roupagem mais atual ao report\u00f3rio tradicional.<\/p>\n<p class=\"text-paragraph\">\u201c\u00c9 uma boa oportunidade de trazer a um espa\u00e7o t\u00e3o conhecido de tantos, iniciativas que promovam neste caso os instrumentos que muitos conhecer\u00e3o, mas n\u00e3o conhecer\u00e3o a sua hist\u00f3ria\u201d, considerou, por seu lado, a diretora do Jardim Bot\u00e2nico da Universidade de Coimbra, Teresa Gir\u00e3o.<\/p>\n<p class=\"text-paragraph\">Este evento \u00e9 organizado pelo Inatel e pela Associa\u00e7\u00e3o Museu da M\u00fasica de Coimbra, numa parceria com o Jardim Bot\u00e2nico, a Universidade de Coimbra, a Uni\u00e3o de Freguesias de Coimbra, o Centro Cultural Penedo da Saudade e a C\u00e2mara Municipal de Coimbra.<\/p>\n","protected":false},"excerpt":{"rendered":"<p>A 1.\u00aa Jornada das Cordas Tradicionais\/Populares de Coimbra vai divulgar os instrumentos tradicionais da cidade, com tr\u00eas concertos, no domingo, junto \u00e0 estufa do Jardim Bot\u00e2nico, na Alta de Coimbra.<\/p>\n","protected":false},"author":1,"featured_media":246012,"comment_status":"open","ping_status":"open","sticky":false,"template":"","format":"standard","meta":{"_acf_changed":false,"footnotes":""},"categories":[39,31],"tags":[9901,40,1164,879],"class_list":["post-246010","post","type-post","status-publish","format-standard","has-post-thumbnail","hentry","category-coimbra-2","category-geral","tag-1-a-jornada-das-cordas-tradicionais-populares-de-coimbra","tag-coimbra","tag-concertos","tag-jardim-botanico"],"acf":[],"_links":{"self":[{"href":"https:\/\/critecnow.com\/diariobeiras\/wp-json\/wp\/v2\/posts\/246010","targetHints":{"allow":["GET"]}}],"collection":[{"href":"https:\/\/critecnow.com\/diariobeiras\/wp-json\/wp\/v2\/posts"}],"about":[{"href":"https:\/\/critecnow.com\/diariobeiras\/wp-json\/wp\/v2\/types\/post"}],"author":[{"embeddable":true,"href":"https:\/\/critecnow.com\/diariobeiras\/wp-json\/wp\/v2\/users\/1"}],"replies":[{"embeddable":true,"href":"https:\/\/critecnow.com\/diariobeiras\/wp-json\/wp\/v2\/comments?post=246010"}],"version-history":[{"count":0,"href":"https:\/\/critecnow.com\/diariobeiras\/wp-json\/wp\/v2\/posts\/246010\/revisions"}],"wp:attachment":[{"href":"https:\/\/critecnow.com\/diariobeiras\/wp-json\/wp\/v2\/media?parent=246010"}],"wp:term":[{"taxonomy":"category","embeddable":true,"href":"https:\/\/critecnow.com\/diariobeiras\/wp-json\/wp\/v2\/categories?post=246010"},{"taxonomy":"post_tag","embeddable":true,"href":"https:\/\/critecnow.com\/diariobeiras\/wp-json\/wp\/v2\/tags?post=246010"}],"curies":[{"name":"wp","href":"https:\/\/api.w.org\/{rel}","templated":true}]}}