{"id":246129,"date":"2022-09-18T14:59:38","date_gmt":"2022-09-18T13:59:38","guid":{"rendered":"https:\/\/www.asbeiras.pt\/?p=246129"},"modified":"2022-09-18T14:59:38","modified_gmt":"2022-09-18T13:59:38","slug":"opiniao-a-revolucao-verde-de-joanesburgo","status":"publish","type":"post","link":"https:\/\/critecnow.com\/diariobeiras\/opiniao-a-revolucao-verde-de-joanesburgo\/","title":{"rendered":"Opini\u00e3o: A revolu\u00e7\u00e3o verde de Joanesburgo"},"content":{"rendered":"<p><a href=\"https:\/\/www.asbeiras.pt\/wp-content\/uploads\/2020\/12\/Carlos-Henriques-opi.jpg\"><img loading=\"lazy\" decoding=\"async\" class=\"alignnone wp-image-207722 size-full\" src=\"https:\/\/www.asbeiras.pt\/wp-content\/uploads\/2020\/12\/Carlos-Henriques-opi.jpg\" alt=\"\" width=\"1200\" height=\"628\" \/><\/a><\/p>\n<p>Com mais de 10 milh\u00f5es de \u00e1rvores, a cidade de Joanesburgo parece uma aut\u00eantica floresta tropical. Neste enorme pulm\u00e3o verde, que \u00e9 a capital econ\u00f3mica da \u00c1frica do Sul, existem mais de 4 milh\u00f5es de \u00e1rvores em jardins privados nos sub\u00farbios residenciais, e pelo menos 2,5 milh\u00f5es de esp\u00e9cies distribu\u00eddas por parques, cemit\u00e9rios, reservas naturais, \u00e1reas de conserva\u00e7\u00e3o, estradas e passeios da cidade.<br \/>\nEm 2004, as autoridades avaliaram em 13 mil milh\u00f5es de rands (735 milh\u00f5es de euros) todo deste patrim\u00f3nio arb\u00f3reo. Algumas das \u00e1rvores datam do in\u00edcio de 1900, quando a C\u00e2mara Municipal de Joanesburgo come\u00e7ou a plantar \u00e1rvores na \u00e1rea metropolitana da cidade, onde vivem hoje mais de 6 milh\u00f5es de pessoas.<br \/>\nEm 2006, a autarquia plantou 21.653 \u00e1rvores, tendo iniciado tamb\u00e9m o projeto Greening Soweto, com 6 mil \u00e1rvores, no sudoeste da cidade, que \u00e9 considerado \u201ca maior revolu\u00e7\u00e3o verde\u201d no pa\u00eds. O objetivo \u00e9 transformar este munic\u00edpio numa floresta urbana atrav\u00e9s do plantio de 200.000 \u00e1rvores. No ano passado, a autarquia plantou mais 10.000 \u00e1rvores!<br \/>\n\u201cNa realidade, queremos que os moradores plantem tamb\u00e9m \u00e1rvores nos seus jardins\u201d, declarou Jenny Moodley, porta-voz da City Parks, a entidade p\u00fablica respons\u00e1vel pela gest\u00e3o dos parques e jardins municipais de Joanesburgo.<br \/>\nNa estrat\u00e9gia da autarquia, \u201cum acre de \u00e1rvores, em m\u00e9dia, pode armazenar 2.6 toneladas de carbono (polui\u00e7\u00e3o) por ano e gerar diariamente oxig\u00e9nio suficiente para 18 pessoas\u201d. Um acre de terreno corresponde a aproximadamente 55% da \u00e1rea de um campo de futebol, o que, na opini\u00e3o dos mais entendidos, seriam necess\u00e1rias tr\u00eas piscinas ol\u00edmpicas para ocupar o mesmo espa\u00e7o.<br \/>\nPor outro lado, a C\u00e2mara Municipal de Joanesburgo sublinha que o oxig\u00e9nio que uma \u00e1rvore \u201cfrondosa\u201d e \u201cmadura\u201d produz numa s\u00f3 esta\u00e7\u00e3o equivale \u00e0 quantidade que 10 pessoas inalam num ano. Outra das preocupa\u00e7\u00f5es \u00e9 o calor. \u201cNas \u00e1reas urbanas sem \u00e1rvores, as ruas e os espa\u00e7os de estacionamento podem causar um aquecimento de cinco a nove graus\u201d, sublinha a autarquia de Joanesburgo, acrescentando que \u201cas \u00e1rvores tamb\u00e9m reduzem os n\u00edveis de ru\u00eddo\u201d.<br \/>\nTodos aos anos, as autoridades sul-africanas elegem duas \u00e1rvores espec\u00edficas (uma esp\u00e9cie comum e uma rara) na Semana da \u00c1rvore para refor\u00e7ar a conscientiza\u00e7\u00e3o p\u00fablica para a conserva\u00e7\u00e3o das 2.000 esp\u00e9cies de \u00e1rvores nativas da \u00c1frica do Sul<\/p>\n","protected":false},"excerpt":{"rendered":"<p>Opini\u00e3o de Carlos Henriques<\/p>\n","protected":false},"author":1,"featured_media":207722,"comment_status":"open","ping_status":"open","sticky":false,"template":"","format":"standard","meta":{"_acf_changed":false,"footnotes":""},"categories":[31,5],"tags":[936,100],"class_list":["post-246129","post","type-post","status-publish","format-standard","has-post-thumbnail","hentry","category-geral","category-opiniao","tag-carlos-henriques","tag-opiniao"],"acf":[],"_links":{"self":[{"href":"https:\/\/critecnow.com\/diariobeiras\/wp-json\/wp\/v2\/posts\/246129","targetHints":{"allow":["GET"]}}],"collection":[{"href":"https:\/\/critecnow.com\/diariobeiras\/wp-json\/wp\/v2\/posts"}],"about":[{"href":"https:\/\/critecnow.com\/diariobeiras\/wp-json\/wp\/v2\/types\/post"}],"author":[{"embeddable":true,"href":"https:\/\/critecnow.com\/diariobeiras\/wp-json\/wp\/v2\/users\/1"}],"replies":[{"embeddable":true,"href":"https:\/\/critecnow.com\/diariobeiras\/wp-json\/wp\/v2\/comments?post=246129"}],"version-history":[{"count":0,"href":"https:\/\/critecnow.com\/diariobeiras\/wp-json\/wp\/v2\/posts\/246129\/revisions"}],"wp:attachment":[{"href":"https:\/\/critecnow.com\/diariobeiras\/wp-json\/wp\/v2\/media?parent=246129"}],"wp:term":[{"taxonomy":"category","embeddable":true,"href":"https:\/\/critecnow.com\/diariobeiras\/wp-json\/wp\/v2\/categories?post=246129"},{"taxonomy":"post_tag","embeddable":true,"href":"https:\/\/critecnow.com\/diariobeiras\/wp-json\/wp\/v2\/tags?post=246129"}],"curies":[{"name":"wp","href":"https:\/\/api.w.org\/{rel}","templated":true}]}}