{"id":246529,"date":"2022-09-26T10:04:28","date_gmt":"2022-09-26T09:04:28","guid":{"rendered":"https:\/\/www.asbeiras.pt\/?p=246529"},"modified":"2022-09-26T10:04:28","modified_gmt":"2022-09-26T09:04:28","slug":"aac-reivindica-acao-social-que-dignifique-o-estudante","status":"publish","type":"post","link":"https:\/\/critecnow.com\/diariobeiras\/aac-reivindica-acao-social-que-dignifique-o-estudante\/","title":{"rendered":"AAC reivindica a\u00e7\u00e3o social que \u201cdignifique  o estudante\u201d"},"content":{"rendered":"<div id=\"attachment_246530\" style=\"width: 1210px\" class=\"wp-caption alignnone\"><a href=\"https:\/\/www.asbeiras.pt\/wp-content\/uploads\/2022\/09\/08-Joao-Pedro-Caseiro-MA-1.jpg\"><img loading=\"lazy\" decoding=\"async\" aria-describedby=\"caption-attachment-246530\" class=\"wp-image-246530 size-full\" src=\"https:\/\/www.asbeiras.pt\/wp-content\/uploads\/2022\/09\/08-Joao-Pedro-Caseiro-MA-1.jpg\" alt=\"\" width=\"1200\" height=\"628\" \/><\/a><p id=\"caption-attachment-246530\" class=\"wp-caption-text\">Arquvio<\/p><\/div>\n<p>A Associa\u00e7\u00e3o Acad\u00e9mica de Coimbra (AAC) realiza, na pr\u00f3xima quinta-feira, uma manifesta\u00e7\u00e3o para reivindicar \u201co aumento e melhoria das propostas de a\u00e7\u00e3o social para os estudantes, de forma a proporcionar um ensino superior igualit\u00e1rio para todos\u201d.<br \/>\nA a\u00e7\u00e3o de protesto est\u00e1 marcada para as 17H30, a partir da Porta F\u00e9rrea.<br \/>\nAo DI\u00c1RIO AS BEIRAS, o presidente da dire\u00e7\u00e3o-geral da AAC Jo\u00e3o Pedro Caseiro referiu que a manifesta\u00e7\u00e3o foi convocada para o in\u00edcio do ano letivo, tamb\u00e9m como forma de sensibilizar os novos estudantes para as dificuldades sentidas no ensino superior.<br \/>\n\u201cNa verdade, o que n\u00f3s reivindicamos \u00e9 a resolu\u00e7\u00e3o dos problemas de sempre: defendemos a redu\u00e7\u00e3o da propina rumo \u00e0 propina 0, e queremos que mais e melhor acesso \u00e0s formas de apoio \u00e0 a\u00e7\u00e3o social, seja atrav\u00e9s de bolsas de estudo, aumento da oferta de prato social nas nossas cantinas ou pelo aumento do n\u00famero de camas em resid\u00eancias universit\u00e1rias\u201d, adiantou.<br \/>\nPara o dirigente estudantil, \u00e9 urgente um sistema de a\u00e7\u00e3o social \u201cque dignifique a vida pessoal de cada estudante com dificuldades econ\u00f3micas\u201d.<\/p>\n<p><em><strong>Ler noticia completa na edi\u00e7\u00e3o impressa e digital do DI\u00c1RIO AS BEIRAS em 26\/09\/2022<\/strong><\/em><\/p>\n","protected":false},"excerpt":{"rendered":"<p>A Associa\u00e7\u00e3o Acad\u00e9mica de Coimbra (AAC) realiza, na pr\u00f3xima quinta-feira, uma manifesta\u00e7\u00e3o para reivindicar \u201co aumento e melhoria das propostas de a\u00e7\u00e3o social para os estudantes, de forma a proporcionar um ensino superior igualit\u00e1rio para todos\u201d.<\/p>\n","protected":false},"author":1,"featured_media":246530,"comment_status":"open","ping_status":"open","sticky":false,"template":"","format":"standard","meta":{"_acf_changed":false,"footnotes":""},"categories":[39,31],"tags":[10001,1124,484],"class_list":["post-246529","post","type-post","status-publish","format-standard","has-post-thumbnail","hentry","category-coimbra-2","category-geral","tag-direcao-geral-aac","tag-estudantes","tag-manifestacao"],"acf":[],"_links":{"self":[{"href":"https:\/\/critecnow.com\/diariobeiras\/wp-json\/wp\/v2\/posts\/246529","targetHints":{"allow":["GET"]}}],"collection":[{"href":"https:\/\/critecnow.com\/diariobeiras\/wp-json\/wp\/v2\/posts"}],"about":[{"href":"https:\/\/critecnow.com\/diariobeiras\/wp-json\/wp\/v2\/types\/post"}],"author":[{"embeddable":true,"href":"https:\/\/critecnow.com\/diariobeiras\/wp-json\/wp\/v2\/users\/1"}],"replies":[{"embeddable":true,"href":"https:\/\/critecnow.com\/diariobeiras\/wp-json\/wp\/v2\/comments?post=246529"}],"version-history":[{"count":0,"href":"https:\/\/critecnow.com\/diariobeiras\/wp-json\/wp\/v2\/posts\/246529\/revisions"}],"wp:attachment":[{"href":"https:\/\/critecnow.com\/diariobeiras\/wp-json\/wp\/v2\/media?parent=246529"}],"wp:term":[{"taxonomy":"category","embeddable":true,"href":"https:\/\/critecnow.com\/diariobeiras\/wp-json\/wp\/v2\/categories?post=246529"},{"taxonomy":"post_tag","embeddable":true,"href":"https:\/\/critecnow.com\/diariobeiras\/wp-json\/wp\/v2\/tags?post=246529"}],"curies":[{"name":"wp","href":"https:\/\/api.w.org\/{rel}","templated":true}]}}