{"id":246614,"date":"2022-09-26T17:37:13","date_gmt":"2022-09-26T16:37:13","guid":{"rendered":"https:\/\/www.asbeiras.pt\/?p=246614"},"modified":"2022-09-26T17:37:13","modified_gmt":"2022-09-26T16:37:13","slug":"comite-paralimpico-de-portugal-admite-dificuldades-na-renovacao-dos-atletas","status":"publish","type":"post","link":"https:\/\/critecnow.com\/diariobeiras\/comite-paralimpico-de-portugal-admite-dificuldades-na-renovacao-dos-atletas\/","title":{"rendered":"Comit\u00e9 Paral\u00edmpico de Portugal admite dificuldades na renova\u00e7\u00e3o dos atletas"},"content":{"rendered":"<div id=\"attachment_246615\" style=\"width: 1210px\" class=\"wp-caption alignnone\"><a href=\"https:\/\/www.asbeiras.pt\/wp-content\/uploads\/2022\/09\/Expo-Desporto-ACF-22.jpg\"><img loading=\"lazy\" decoding=\"async\" aria-describedby=\"caption-attachment-246615\" class=\"wp-image-246615 size-full\" src=\"https:\/\/www.asbeiras.pt\/wp-content\/uploads\/2022\/09\/Expo-Desporto-ACF-22.jpg\" alt=\"\" width=\"1200\" height=\"628\" \/><\/a><p id=\"caption-attachment-246615\" class=\"wp-caption-text\">DR\/Ana Catarina Ferreira<\/p><\/div>\n<p>O presidente do Comit\u00e9 Paral\u00edmpico de Portugal (CPP), Jo\u00e3o Manuel Louren\u00e7o, disse hoje que o maior desafio nesta \u00e1rea passa por trazer mais pessoas para a pr\u00e1tica desportiva, admitindo dificuldades na renova\u00e7\u00e3o de atletas.<\/p>\n<p class=\"text-paragraph\">\u201cEstamos a ter alguma dificuldade na renova\u00e7\u00e3o, embora haja a perce\u00e7\u00e3o de que existem mais atletas at\u00e9 pela notoriedade do desporto paral\u00edmpico e de pessoas com defici\u00eancia ganha na sociedade\u201d, disse o dirigente \u00e0 ag\u00eancia Lusa, em Coimbra, onde hoje decorreu o Dia Paral\u00edmpico Nacional, no \u00e2mbito do 14.\u00ba\u00a0anivers\u00e1rio\u00a0do CPP.<\/p>\n<p class=\"text-paragraph\">No entanto, salientou Jo\u00e3o Manuel Louren\u00e7o, o pa\u00eds precisa que haja mais pessoas para a pr\u00e1tica desportiva, \u201cque garanta o futuro desta dimens\u00e3o desportiva e que assegurem a renova\u00e7\u00e3o e o que \u00e9 normal em qualquer dimens\u00e3o da vida e tamb\u00e9m no desporto\u201d.<\/p>\n<p class=\"text-paragraph\">O presidente do CPP considerou importante \u201cter novos talentos para substitu\u00edrem os atuais, quando chegarem o momento de sa\u00edrem\u201d.<\/p>\n<p class=\"text-paragraph\">Para o dirigente, os altos \u00edndices de sedentarismo da popula\u00e7\u00e3o portuguesa, sobretudo nos jovens, que se nota ainda mais nas pessoas com defici\u00eancia, \u00e9 um dos fatores que retarda a renova\u00e7\u00e3o dos atletas.<\/p>\n<p class=\"text-paragraph\">\u201cO nosso desafio \u00e9 trazer mais pessoas, com ou sem defici\u00eancia, para a pr\u00e1tica desportiva e fazer com que aumentem a sua qualidade de vida e se aumente a inclus\u00e3o pelo desporto, que \u00e9 tamb\u00e9m um dos nossos grandes objetivos\u201d, disse.<\/p>\n<p class=\"text-paragraph\">Na cerim\u00f3nia de abertura do Dia Paral\u00edmpico Nacional, Jo\u00e3o Manuel Louren\u00e7o congratulou-se hoje com o facto das condi\u00e7\u00f5es financeiras para o projeto paral\u00edmpico irem ser iguais \u00e0s do projeto ol\u00edmpico.<\/p>\n<p class=\"text-paragraph\">\u201cEst\u00e1 concretizada uma ambi\u00e7\u00e3o muito antiga de termos igualdade de condi\u00e7\u00f5es financeiras para a prepara\u00e7\u00e3o dos atletas e treinadores, sejam ao n\u00edvel das bolsas ou dos pr\u00e9mios de m\u00e9rito desportivo\u201d, sublinhou.<\/p>\n<p class=\"text-paragraph\">Trata-se do primeiro ciclo em que os atletas paral\u00edmpicos v\u00e3o estar abrangidos por estes apoios do Governo, que, segundo o secret\u00e1rio de Estado da Juventude e Desporto, dever\u00e3o ser assinados dentro de poucas semanas.<\/p>\n<p class=\"text-paragraph\">O apoio do Governo para a prepara\u00e7\u00e3o e participa\u00e7\u00e3o nos pr\u00f3ximos Jogos Paral\u00edmpicos, previstos para 2024, em Paris, vai ser de 9,2 milh\u00f5es de euros.<\/p>\n","protected":false},"excerpt":{"rendered":"<p>O presidente do Comit\u00e9 Paral\u00edmpico de Portugal (CPP), Jo\u00e3o Manuel Louren\u00e7o, disse hoje que o maior desafio nesta \u00e1rea passa por trazer mais pessoas para a pr\u00e1tica desportiva, admitindo dificuldades na renova\u00e7\u00e3o de atletas.<\/p>\n","protected":false},"author":1,"featured_media":246615,"comment_status":"open","ping_status":"open","sticky":false,"template":"","format":"standard","meta":{"_acf_changed":false,"footnotes":""},"categories":[4,31],"tags":[2805,40,10025,9973,469],"class_list":["post-246614","post","type-post","status-publish","format-standard","has-post-thumbnail","hentry","category-desporto","category-geral","tag-atletas","tag-coimbra","tag-comite-paraolimpico","tag-expo-desporto","tag-portugal"],"acf":[],"_links":{"self":[{"href":"https:\/\/critecnow.com\/diariobeiras\/wp-json\/wp\/v2\/posts\/246614","targetHints":{"allow":["GET"]}}],"collection":[{"href":"https:\/\/critecnow.com\/diariobeiras\/wp-json\/wp\/v2\/posts"}],"about":[{"href":"https:\/\/critecnow.com\/diariobeiras\/wp-json\/wp\/v2\/types\/post"}],"author":[{"embeddable":true,"href":"https:\/\/critecnow.com\/diariobeiras\/wp-json\/wp\/v2\/users\/1"}],"replies":[{"embeddable":true,"href":"https:\/\/critecnow.com\/diariobeiras\/wp-json\/wp\/v2\/comments?post=246614"}],"version-history":[{"count":0,"href":"https:\/\/critecnow.com\/diariobeiras\/wp-json\/wp\/v2\/posts\/246614\/revisions"}],"wp:attachment":[{"href":"https:\/\/critecnow.com\/diariobeiras\/wp-json\/wp\/v2\/media?parent=246614"}],"wp:term":[{"taxonomy":"category","embeddable":true,"href":"https:\/\/critecnow.com\/diariobeiras\/wp-json\/wp\/v2\/categories?post=246614"},{"taxonomy":"post_tag","embeddable":true,"href":"https:\/\/critecnow.com\/diariobeiras\/wp-json\/wp\/v2\/tags?post=246614"}],"curies":[{"name":"wp","href":"https:\/\/api.w.org\/{rel}","templated":true}]}}